{"id":104632,"date":"2022-03-02T18:41:24","date_gmt":"2022-03-02T21:41:24","guid":{"rendered":"https:\/\/eldiariodesanpedro.com.ar\/sitio\/?p=104632"},"modified":"2022-03-02T18:41:25","modified_gmt":"2022-03-02T21:41:25","slug":"se-recuperaron-una-cocina-y-una-heladera-que-habian-sido-robadas-por-dos-reconocidos-delincuentes","status":"publish","type":"post","link":"https:\/\/eldiariodesanpedro.com.ar\/sitio\/se-recuperaron-una-cocina-y-una-heladera-que-habian-sido-robadas-por-dos-reconocidos-delincuentes\/","title":{"rendered":"Se recuperaron una cocina y una heladera que hab\u00edan sido robadas por dos reconocidos delincuentes"},"content":{"rendered":"<!-- VideographyWP Plugin Message: Automatic video embedding prevented by plugin options. -->\n\n<p>En la tarde de ayer el personal policial de la comisar\u00eda tras investigaci\u00f3n estableci\u00f3 autor\u00eda&nbsp; hecho robo ocurrido el domingo pasado que fue denunciado por una mujer&nbsp; mayor de edad, el robo hab\u00eda ocurrido en calle Javier Rivero y Saavedra.&nbsp;<\/p>\n\n\n\n<p>Por lo que se extendidas \u00f3rdenes de allanamiento por la justicia ordinaria, se diligenciaron barrio 2 de abril 1: Facundo Quiroga 1100 secuestros una cocina sustra\u00edda por el imputado un ciudadano de 30 a\u00f1os, en un segundo objetivo ubicado en calle Facundo Quiroga 1200 secuestro una heladera sustra\u00edda por otro delincuente de 29 a\u00f1os que qued\u00f3 imputado<\/p>\n\n\n\n<p>en la causa.<\/p>\n\n\n\n<p>Los elementos fueron restituidos a la v\u00edctima y ambos imputados reconocidos delincuentes permanecen alojados en la dependencia local.&nbsp;<\/p>\n","protected":false},"excerpt":{"rendered":"<p>En la tarde de ayer el personal policial de la comisar\u00eda tras investigaci\u00f3n estableci\u00f3 autor\u00eda&nbsp; hecho robo ocurrido el domingo pasado que fue denunciado por una mujer&nbsp; mayor de edad, el robo hab\u00eda ocurrido en calle Javier Rivero y Saavedra.&nbsp; Por lo que se extendidas \u00f3rdenes de allanamiento por la justicia ordinaria, se diligenciaron barrio [&hellip;]<\/p>\n","protected":false},"author":4,"featured_media":104633,"comment_status":"closed","ping_status":"closed","sticky":false,"template":"","format":"standard","meta":{"om_disable_all_campaigns":false,"_jetpack_memberships_contains_paid_content":false,"footnotes":""},"categories":[2,103],"tags":[197,33,95,19],"class_list":["post-104632","post","type-post","status-publish","format-standard","has-post-thumbnail","hentry","category-locales","category-policiales-locales","tag-buenos-aires","tag-locales","tag-policiales","tag-san-pedro"],"aioseo_notices":[],"gutentor_comment":0,"jetpack_featured_media_url":"https:\/\/eldiariodesanpedro.com.ar\/sitio\/wp-content\/uploads\/2022\/03\/WhatsApp-Image-2022-03-02-at-10.48.14.jpeg","jetpack_shortlink":"https:\/\/wp.me\/p6RhLt-rdC","jetpack_sharing_enabled":true,"_links":{"self":[{"href":"https:\/\/eldiariodesanpedro.com.ar\/sitio\/wp-json\/wp\/v2\/posts\/104632","targetHints":{"allow":["GET"]}}],"collection":[{"href":"https:\/\/eldiariodesanpedro.com.ar\/sitio\/wp-json\/wp\/v2\/posts"}],"about":[{"href":"https:\/\/eldiariodesanpedro.com.ar\/sitio\/wp-json\/wp\/v2\/types\/post"}],"author":[{"embeddable":true,"href":"https:\/\/eldiariodesanpedro.com.ar\/sitio\/wp-json\/wp\/v2\/users\/4"}],"replies":[{"embeddable":true,"href":"https:\/\/eldiariodesanpedro.com.ar\/sitio\/wp-json\/wp\/v2\/comments?post=104632"}],"version-history":[{"count":1,"href":"https:\/\/eldiariodesanpedro.com.ar\/sitio\/wp-json\/wp\/v2\/posts\/104632\/revisions"}],"predecessor-version":[{"id":104634,"href":"https:\/\/eldiariodesanpedro.com.ar\/sitio\/wp-json\/wp\/v2\/posts\/104632\/revisions\/104634"}],"wp:featuredmedia":[{"embeddable":true,"href":"https:\/\/eldiariodesanpedro.com.ar\/sitio\/wp-json\/wp\/v2\/media\/104633"}],"wp:attachment":[{"href":"https:\/\/eldiariodesanpedro.com.ar\/sitio\/wp-json\/wp\/v2\/media?parent=104632"}],"wp:term":[{"taxonomy":"category","embeddable":true,"href":"https:\/\/eldiariodesanpedro.com.ar\/sitio\/wp-json\/wp\/v2\/categories?post=104632"},{"taxonomy":"post_tag","embeddable":true,"href":"https:\/\/eldiariodesanpedro.com.ar\/sitio\/wp-json\/wp\/v2\/tags?post=104632"}],"curies":[{"name":"wp","href":"https:\/\/api.w.org\/{rel}","templated":true}]}}