{"id":104629,"date":"2022-03-02T18:38:30","date_gmt":"2022-03-02T21:38:30","guid":{"rendered":"https:\/\/eldiariodesanpedro.com.ar\/sitio\/?p=104629"},"modified":"2022-03-02T18:43:59","modified_gmt":"2022-03-02T21:43:59","slug":"turista-de-san-nicolas-circulaba-en-pleno-centro-con-un-arma-blanca-y-un-revolver","status":"publish","type":"post","link":"https:\/\/eldiariodesanpedro.com.ar\/sitio\/turista-de-san-nicolas-circulaba-en-pleno-centro-con-un-arma-blanca-y-un-revolver\/","title":{"rendered":"Turista de San Nicol\u00e1s circulaba en pleno centro con un arma blanca y un rev\u00f3lver"},"content":{"rendered":"<!-- VideographyWP Plugin Message: Automatic video embedding prevented by plugin options. -->\n\n<p>Este martes la polic\u00eda de nuestra ciudad realiz\u00f3 la aprehensi\u00f3n de un ciudadano&nbsp; que circulaba en v\u00eda p\u00fablica con una arma de fuego de manera ilegal,<\/p>\n\n\n\n<p>El hecho ocurri\u00f3 ayer en horas de la tarde en donde se hizo presente el personal policial de la comisar\u00eda en calle Gral. Pueyrred\u00f3n al 1600, donde se aprehendi\u00f3 a ciudadano de 39 a\u00f1os oriundo de San Nicol\u00e1s\u00a0 a quien se le secuestr\u00f3 entre sus prendas un rev\u00f3lver calibre 32 cargado cuatro cartuchos intactos mismo calibre y arma blanca tipo cuchillo. UFI 11.-<\/p>\n\n\n\n<figure class=\"wp-block-image size-full\"><img decoding=\"async\" width=\"473\" height=\"630\" data-attachment-id=\"104636\" data-permalink=\"https:\/\/eldiariodesanpedro.com.ar\/sitio\/turista-de-san-nicolas-circulaba-en-pleno-centro-con-un-arma-blanca-y-un-revolver\/whatsapp-image-2022-03-02-at-10-47-51-1\/\" data-orig-file=\"https:\/\/eldiariodesanpedro.com.ar\/sitio\/wp-content\/uploads\/2022\/03\/WhatsApp-Image-2022-03-02-at-10.47.51-1.jpeg\" data-orig-size=\"473,630\" data-comments-opened=\"0\" data-image-meta=\"{&quot;aperture&quot;:&quot;0&quot;,&quot;credit&quot;:&quot;&quot;,&quot;camera&quot;:&quot;&quot;,&quot;caption&quot;:&quot;&quot;,&quot;created_timestamp&quot;:&quot;0&quot;,&quot;copyright&quot;:&quot;&quot;,&quot;focal_length&quot;:&quot;0&quot;,&quot;iso&quot;:&quot;0&quot;,&quot;shutter_speed&quot;:&quot;0&quot;,&quot;title&quot;:&quot;&quot;,&quot;orientation&quot;:&quot;0&quot;}\" data-image-title=\"WhatsApp-Image-2022-03-02-at-10.47.51-1\" data-image-description=\"\" data-image-caption=\"\" data-large-file=\"https:\/\/eldiariodesanpedro.com.ar\/sitio\/wp-content\/uploads\/2022\/03\/WhatsApp-Image-2022-03-02-at-10.47.51-1.jpeg\" data-src=\"https:\/\/eldiariodesanpedro.com.ar\/sitio\/wp-content\/uploads\/2022\/03\/WhatsApp-Image-2022-03-02-at-10.47.51-1.jpeg\" alt=\"\" class=\"wp-image-104636 lazyload\" data-srcset=\"https:\/\/eldiariodesanpedro.com.ar\/sitio\/wp-content\/uploads\/2022\/03\/WhatsApp-Image-2022-03-02-at-10.47.51-1.jpeg 473w, https:\/\/eldiariodesanpedro.com.ar\/sitio\/wp-content\/uploads\/2022\/03\/WhatsApp-Image-2022-03-02-at-10.47.51-1-225x300.jpeg 225w\" data-sizes=\"(max-width: 473px) 100vw, 473px\" src=\"data:image\/svg+xml;base64,PHN2ZyB3aWR0aD0iMSIgaGVpZ2h0PSIxIiB4bWxucz0iaHR0cDovL3d3dy53My5vcmcvMjAwMC9zdmciPjwvc3ZnPg==\" style=\"--smush-placeholder-width: 473px; --smush-placeholder-aspect-ratio: 473\/630;\" \/><\/figure>\n","protected":false},"excerpt":{"rendered":"<p>Este martes la polic\u00eda de nuestra ciudad realiz\u00f3 la aprehensi\u00f3n de un ciudadano&nbsp; que circulaba en v\u00eda p\u00fablica con una arma de fuego de manera ilegal, El hecho ocurri\u00f3 ayer en horas de la tarde en donde se hizo presente el personal policial de la comisar\u00eda en calle Gral. Pueyrred\u00f3n al 1600, donde se aprehendi\u00f3 [&hellip;]<\/p>\n","protected":false},"author":4,"featured_media":104630,"comment_status":"closed","ping_status":"closed","sticky":false,"template":"","format":"standard","meta":{"om_disable_all_campaigns":false,"_jetpack_memberships_contains_paid_content":false,"footnotes":""},"categories":[2,103],"tags":[197,696,33,19],"class_list":["post-104629","post","type-post","status-publish","format-standard","has-post-thumbnail","hentry","category-locales","category-policiales-locales","tag-buenos-aires","tag-interes-general","tag-locales","tag-san-pedro"],"aioseo_notices":[],"gutentor_comment":0,"jetpack_featured_media_url":"https:\/\/eldiariodesanpedro.com.ar\/sitio\/wp-content\/uploads\/2022\/03\/WhatsApp-Image-2022-03-02-at-10.47.51.jpeg","jetpack_shortlink":"https:\/\/wp.me\/p6RhLt-rdz","jetpack_sharing_enabled":true,"_links":{"self":[{"href":"https:\/\/eldiariodesanpedro.com.ar\/sitio\/wp-json\/wp\/v2\/posts\/104629","targetHints":{"allow":["GET"]}}],"collection":[{"href":"https:\/\/eldiariodesanpedro.com.ar\/sitio\/wp-json\/wp\/v2\/posts"}],"about":[{"href":"https:\/\/eldiariodesanpedro.com.ar\/sitio\/wp-json\/wp\/v2\/types\/post"}],"author":[{"embeddable":true,"href":"https:\/\/eldiariodesanpedro.com.ar\/sitio\/wp-json\/wp\/v2\/users\/4"}],"replies":[{"embeddable":true,"href":"https:\/\/eldiariodesanpedro.com.ar\/sitio\/wp-json\/wp\/v2\/comments?post=104629"}],"version-history":[{"count":2,"href":"https:\/\/eldiariodesanpedro.com.ar\/sitio\/wp-json\/wp\/v2\/posts\/104629\/revisions"}],"predecessor-version":[{"id":104637,"href":"https:\/\/eldiariodesanpedro.com.ar\/sitio\/wp-json\/wp\/v2\/posts\/104629\/revisions\/104637"}],"wp:featuredmedia":[{"embeddable":true,"href":"https:\/\/eldiariodesanpedro.com.ar\/sitio\/wp-json\/wp\/v2\/media\/104630"}],"wp:attachment":[{"href":"https:\/\/eldiariodesanpedro.com.ar\/sitio\/wp-json\/wp\/v2\/media?parent=104629"}],"wp:term":[{"taxonomy":"category","embeddable":true,"href":"https:\/\/eldiariodesanpedro.com.ar\/sitio\/wp-json\/wp\/v2\/categories?post=104629"},{"taxonomy":"post_tag","embeddable":true,"href":"https:\/\/eldiariodesanpedro.com.ar\/sitio\/wp-json\/wp\/v2\/tags?post=104629"}],"curies":[{"name":"wp","href":"https:\/\/api.w.org\/{rel}","templated":true}]}}