{"id":104627,"date":"2022-03-02T18:28:58","date_gmt":"2022-03-02T21:28:58","guid":{"rendered":"https:\/\/eldiariodesanpedro.com.ar\/sitio\/?p=104627"},"modified":"2022-03-02T18:28:59","modified_gmt":"2022-03-02T21:28:59","slug":"le-utilizaron-sus-contactos-telefonicos-para-vender-dolares","status":"publish","type":"post","link":"https:\/\/eldiariodesanpedro.com.ar\/sitio\/le-utilizaron-sus-contactos-telefonicos-para-vender-dolares\/","title":{"rendered":"Le utilizaron sus contactos telef\u00f3nicos para vender d\u00f3lares"},"content":{"rendered":"<!-- VideographyWP Plugin Message: Automatic video embedding prevented by plugin options. -->\n\n<p>Como en muchas otras ocasiones ocurri\u00f3, este fin de semana se realiz\u00f3 una denuncia de un ciudadano que le utilizaron los contactos de su tel\u00e9fono para vender d\u00f3lares<\/p>\n\n\n\n<p>Este martes en horas de la tarde se realiz\u00f3 una denuncia en la comisar\u00eda local por parte de un ciudadano de 45 a\u00f1os que recibi\u00f3 varias advertencias de sus contactos telef\u00f3nicos que habr\u00eda un sujeto o varios haci\u00e9ndose pasar por \u00e9l en la aplicaci\u00f3n de mensajer\u00eda WhatsApp, que ofrec\u00edan la venta de d\u00f3lares. No posee sospechas de ninguna persona, al momento se desconoce si existen v\u00edctimas.<\/p>\n","protected":false},"excerpt":{"rendered":"<p>Como en muchas otras ocasiones ocurri\u00f3, este fin de semana se realiz\u00f3 una denuncia de un ciudadano que le utilizaron los contactos de su tel\u00e9fono para vender d\u00f3lares Este martes en horas de la tarde se realiz\u00f3 una denuncia en la comisar\u00eda local por parte de un ciudadano de 45 a\u00f1os que recibi\u00f3 varias advertencias [&hellip;]<\/p>\n","protected":false},"author":4,"featured_media":103679,"comment_status":"closed","ping_status":"closed","sticky":false,"template":"","format":"standard","meta":{"om_disable_all_campaigns":false,"_jetpack_memberships_contains_paid_content":false,"footnotes":""},"categories":[2,103],"tags":[197,33,95,19],"class_list":["post-104627","post","type-post","status-publish","format-standard","has-post-thumbnail","hentry","category-locales","category-policiales-locales","tag-buenos-aires","tag-locales","tag-policiales","tag-san-pedro"],"aioseo_notices":[],"gutentor_comment":0,"jetpack_featured_media_url":"https:\/\/eldiariodesanpedro.com.ar\/sitio\/wp-content\/uploads\/2022\/02\/comisaria_san_pedro.jpg","jetpack_shortlink":"https:\/\/wp.me\/p6RhLt-rdx","jetpack_sharing_enabled":true,"_links":{"self":[{"href":"https:\/\/eldiariodesanpedro.com.ar\/sitio\/wp-json\/wp\/v2\/posts\/104627","targetHints":{"allow":["GET"]}}],"collection":[{"href":"https:\/\/eldiariodesanpedro.com.ar\/sitio\/wp-json\/wp\/v2\/posts"}],"about":[{"href":"https:\/\/eldiariodesanpedro.com.ar\/sitio\/wp-json\/wp\/v2\/types\/post"}],"author":[{"embeddable":true,"href":"https:\/\/eldiariodesanpedro.com.ar\/sitio\/wp-json\/wp\/v2\/users\/4"}],"replies":[{"embeddable":true,"href":"https:\/\/eldiariodesanpedro.com.ar\/sitio\/wp-json\/wp\/v2\/comments?post=104627"}],"version-history":[{"count":1,"href":"https:\/\/eldiariodesanpedro.com.ar\/sitio\/wp-json\/wp\/v2\/posts\/104627\/revisions"}],"predecessor-version":[{"id":104628,"href":"https:\/\/eldiariodesanpedro.com.ar\/sitio\/wp-json\/wp\/v2\/posts\/104627\/revisions\/104628"}],"wp:featuredmedia":[{"embeddable":true,"href":"https:\/\/eldiariodesanpedro.com.ar\/sitio\/wp-json\/wp\/v2\/media\/103679"}],"wp:attachment":[{"href":"https:\/\/eldiariodesanpedro.com.ar\/sitio\/wp-json\/wp\/v2\/media?parent=104627"}],"wp:term":[{"taxonomy":"category","embeddable":true,"href":"https:\/\/eldiariodesanpedro.com.ar\/sitio\/wp-json\/wp\/v2\/categories?post=104627"},{"taxonomy":"post_tag","embeddable":true,"href":"https:\/\/eldiariodesanpedro.com.ar\/sitio\/wp-json\/wp\/v2\/tags?post=104627"}],"curies":[{"name":"wp","href":"https:\/\/api.w.org\/{rel}","templated":true}]}}