{"id":104617,"date":"2022-03-02T17:41:04","date_gmt":"2022-03-02T20:41:04","guid":{"rendered":"https:\/\/eldiariodesanpedro.com.ar\/sitio\/?p=104617"},"modified":"2022-03-02T17:41:04","modified_gmt":"2022-03-02T20:41:04","slug":"apertura-de-sesiones-ordinarias-del-hcd-y-mensaje-del-intendente-dr-ramon-salazar","status":"publish","type":"post","link":"https:\/\/eldiariodesanpedro.com.ar\/sitio\/apertura-de-sesiones-ordinarias-del-hcd-y-mensaje-del-intendente-dr-ramon-salazar\/","title":{"rendered":"Apertura de sesiones ordinarias del HCD y mensaje del Intendente Dr. Ram\u00f3n Salazar"},"content":{"rendered":"<!-- VideographyWP Plugin Message: Automatic video embedding prevented by plugin options. -->\n\n<p>En el Sal\u00f3n Dorado del Honorable Concejo Deliberante, esta ma\u00f1ana qued\u00f3 formalmente abierto el per\u00edodo de sesiones ordinarias 2022. La sesi\u00f3n fue presidida por la titular del cuerpo legislativo M\u00f3nica Otero y en ella el Intendente Dr. Ram\u00f3n Salazar realiz\u00f3 un balance de los \u00faltimos meses transcurridos, con la presencia en el recinto del ex Intendente y actual Director de Trenes Argentinos Cargas, Cecilio Salazar, que estuvo a cargo del gobierno local hasta 10 de diciembre pasado.<\/p>\n\n\n\n<p>La sesi\u00f3n se abri\u00f3 con un minuto de silencio en adhesi\u00f3n \u00aba la condena de la invasi\u00f3n injustificada y no provocada a Ucrania por parte de Rusia\u00bb.<\/p>\n\n\n\n<p>Con los 18 concejales presentes, funcionarios municipales, autoridades institucionales y representantes de entidades y organizaciones de nuestra comunidad, el Dr. Salazar se refiri\u00f3 a la situaci\u00f3n actual del Partido de San Pedro y a las perspectivas para el futuro.<\/p>\n\n\n\n<p>Entre los pasajes m\u00e1s importantes de su mensaje, el Dr. Salazar destac\u00f3 la jerarquizaci\u00f3n del \u00e1rea de G\u00e9nero, Mujeres y Diversidad, \u201cconvirti\u00e9ndose en la sexta Secretar\u00eda constituida en toda la provincia de Buenos Aires\u201d y la implementaci\u00f3n de los programas Envi\u00f3n y Animate Vos Val\u00e9s a trav\u00e9s de la Secretar\u00eda de Desarrollo Humano y la Direcci\u00f3n de Deportes.<\/p>\n\n\n\n<p>Hubo un apartado especial dedicado al tema salud resaltando el uso eficiente de los recursos en la gesti\u00f3n de la pandemia, \u201ccon un monitoreo permanente y tomando decisiones apoyadas en informaci\u00f3n precisa, para habilitar centros extra hospitalarios, para el aislamiento de personas, hisopados, o controles\u00bb. Con una felicitaci\u00f3n especial a todo el equipo del \u00e1rea y los integrantes del vacunatorio por el que pasaron \u201cm\u00e1s de 60 mil sampedrinos\u00bb.<\/p>\n\n\n\n<p>El Dr. Salazar hizo menci\u00f3n a la reforma total del \u00e1rea de internaci\u00f3n general en el Hospital, la construcci\u00f3n de ba\u00f1os adaptados en la sala de pediatr\u00eda, la refacci\u00f3n de los ba\u00f1os de los quir\u00f3fanos, la renovaci\u00f3n de cielorrasos y asegur\u00f3 que \u201ceste a\u00f1o tambi\u00e9n se construir\u00e1 el nuevo laboratorio que pronto saldr\u00e1 a licitaci\u00f3n\u201d. Tambi\u00e9n incluy\u00f3 la inauguraci\u00f3n del Departamento Canino y la construcci\u00f3n del centro de Salud de Pueblo Doyle,<\/p>\n\n\n\n<p>En cuanto a las obras, y asegurando que \u201cno solo traen progreso para nuestra ciudad, sino que tambi\u00e9n generan empleo para los sampedrinos\u201d, el Intendente se refiri\u00f3 a la repavimentaci\u00f3n del acceso a Gobernador Castro, el comienzo de \u201cla hist\u00f3rica reparaci\u00f3n de la Ruta 191\u201d y el inicio de gestiones ante el \u201cMinisterio de Obras P\u00fablicas de la Naci\u00f3n, para repavimentar la Ruta 1001, desde R\u00edo Tala a Vuelta de Obligado, en 2 etapas\u201d.<br>Puntualiz\u00f3 que se han pavimentado m\u00e1s de 1000 cuadras desde el inicio de la gesti\u00f3n y asegur\u00f3 que \u201cen poco tiempo m\u00e1s, se terminar\u00e1 la obra del Jard\u00edn de Banfield, que junto a la Escuela Secundaria 13, que inauguramos tiempo atr\u00e1s, al nuevo play\u00f3n deportivo, y a la plaza creada el \u00faltimo a\u00f1o, constituyen una gran renovaci\u00f3n para un barrio hist\u00f3rico de San Pedro\u201d.<\/p>\n\n\n\n<p>Dentro de las expectativas para este a\u00f1o, el Dr. Salazar apunt\u00f3 a \u201clograr transformaciones positivas en seguridad p\u00fablica y seguridad vial\u201d asegurando que se designar\u00e1 un nuevo Director de Defensa Civil, para que se ocupe de la prevenci\u00f3n, preparaci\u00f3n, y respuesta ante las emergencias y afirm\u00f3 que en las pr\u00f3ximas semanas va a \u201cdesignar un Director de Medio Ambiente\u201d, para atender esta problem\u00e1tica en forma inmediata.<\/p>\n\n\n\n<p>En el cierre de su mensaje expres\u00f3 \u00abser\u00eda muy reconfortante volver dentro de un a\u00f1o, vernos a la cara y se\u00f1alar que la reactivaci\u00f3n de San Pedro contin\u00faa, y que todos hayamos participado de esos logros. Sin distinci\u00f3n de partidos pol\u00edticos, quiero invitarlos a tener el valor de pensar en grande, confiar en nuestro potencial y en nuestras propias decisiones, para construir todos juntos ese San Pedro que nos merecemos.\u00bb<\/p>\n\n\n\n<p>El Honorable Concejo Deliberante dej\u00f3 establecidos los martes y jueves a las 14 horas como d\u00edas para sus sesiones ordinarias.<\/p>\n\n\n\n<div class=\"wp-block-image\"><figure class=\"aligncenter size-full\"><img decoding=\"async\" width=\"945\" height=\"630\" data-attachment-id=\"104620\" data-permalink=\"https:\/\/eldiariodesanpedro.com.ar\/sitio\/apertura-de-sesiones-ordinarias-del-hcd-y-mensaje-del-intendente-dr-ramon-salazar\/whatsapp-image-2022-03-02-at-15-17-48\/\" data-orig-file=\"https:\/\/eldiariodesanpedro.com.ar\/sitio\/wp-content\/uploads\/2022\/03\/WhatsApp-Image-2022-03-02-at-15.17.48.jpeg\" data-orig-size=\"945,630\" data-comments-opened=\"0\" data-image-meta=\"{&quot;aperture&quot;:&quot;0&quot;,&quot;credit&quot;:&quot;&quot;,&quot;camera&quot;:&quot;&quot;,&quot;caption&quot;:&quot;&quot;,&quot;created_timestamp&quot;:&quot;0&quot;,&quot;copyright&quot;:&quot;&quot;,&quot;focal_length&quot;:&quot;0&quot;,&quot;iso&quot;:&quot;0&quot;,&quot;shutter_speed&quot;:&quot;0&quot;,&quot;title&quot;:&quot;&quot;,&quot;orientation&quot;:&quot;0&quot;}\" data-image-title=\"WhatsApp Image 2022-03-02 at 15.17.48\" data-image-description=\"\" data-image-caption=\"\" data-large-file=\"https:\/\/eldiariodesanpedro.com.ar\/sitio\/wp-content\/uploads\/2022\/03\/WhatsApp-Image-2022-03-02-at-15.17.48.jpeg\" data-src=\"https:\/\/eldiariodesanpedro.com.ar\/sitio\/wp-content\/uploads\/2022\/03\/WhatsApp-Image-2022-03-02-at-15.17.48.jpeg\" alt=\"\" class=\"wp-image-104620 lazyload\" data-srcset=\"https:\/\/eldiariodesanpedro.com.ar\/sitio\/wp-content\/uploads\/2022\/03\/WhatsApp-Image-2022-03-02-at-15.17.48.jpeg 945w, https:\/\/eldiariodesanpedro.com.ar\/sitio\/wp-content\/uploads\/2022\/03\/WhatsApp-Image-2022-03-02-at-15.17.48-300x200.jpeg 300w, https:\/\/eldiariodesanpedro.com.ar\/sitio\/wp-content\/uploads\/2022\/03\/WhatsApp-Image-2022-03-02-at-15.17.48-768x512.jpeg 768w\" data-sizes=\"(max-width: 945px) 100vw, 945px\" src=\"data:image\/svg+xml;base64,PHN2ZyB3aWR0aD0iMSIgaGVpZ2h0PSIxIiB4bWxucz0iaHR0cDovL3d3dy53My5vcmcvMjAwMC9zdmciPjwvc3ZnPg==\" style=\"--smush-placeholder-width: 945px; --smush-placeholder-aspect-ratio: 945\/630;\" \/><\/figure><\/div>\n\n\n\n<div class=\"wp-block-image\"><figure class=\"aligncenter size-full\"><img decoding=\"async\" width=\"985\" height=\"630\" data-attachment-id=\"104621\" data-permalink=\"https:\/\/eldiariodesanpedro.com.ar\/sitio\/apertura-de-sesiones-ordinarias-del-hcd-y-mensaje-del-intendente-dr-ramon-salazar\/whatsapp-image-2022-03-02-at-15-17-49-1\/\" data-orig-file=\"https:\/\/eldiariodesanpedro.com.ar\/sitio\/wp-content\/uploads\/2022\/03\/WhatsApp-Image-2022-03-02-at-15.17.49-1.jpeg\" data-orig-size=\"985,630\" data-comments-opened=\"0\" data-image-meta=\"{&quot;aperture&quot;:&quot;0&quot;,&quot;credit&quot;:&quot;&quot;,&quot;camera&quot;:&quot;&quot;,&quot;caption&quot;:&quot;&quot;,&quot;created_timestamp&quot;:&quot;0&quot;,&quot;copyright&quot;:&quot;&quot;,&quot;focal_length&quot;:&quot;0&quot;,&quot;iso&quot;:&quot;0&quot;,&quot;shutter_speed&quot;:&quot;0&quot;,&quot;title&quot;:&quot;&quot;,&quot;orientation&quot;:&quot;0&quot;}\" data-image-title=\"WhatsApp Image 2022-03-02 at 15.17.49 (1)\" data-image-description=\"\" data-image-caption=\"\" data-large-file=\"https:\/\/eldiariodesanpedro.com.ar\/sitio\/wp-content\/uploads\/2022\/03\/WhatsApp-Image-2022-03-02-at-15.17.49-1.jpeg\" data-src=\"https:\/\/eldiariodesanpedro.com.ar\/sitio\/wp-content\/uploads\/2022\/03\/WhatsApp-Image-2022-03-02-at-15.17.49-1.jpeg\" alt=\"\" class=\"wp-image-104621 lazyload\" data-srcset=\"https:\/\/eldiariodesanpedro.com.ar\/sitio\/wp-content\/uploads\/2022\/03\/WhatsApp-Image-2022-03-02-at-15.17.49-1.jpeg 985w, https:\/\/eldiariodesanpedro.com.ar\/sitio\/wp-content\/uploads\/2022\/03\/WhatsApp-Image-2022-03-02-at-15.17.49-1-300x192.jpeg 300w, https:\/\/eldiariodesanpedro.com.ar\/sitio\/wp-content\/uploads\/2022\/03\/WhatsApp-Image-2022-03-02-at-15.17.49-1-768x491.jpeg 768w\" data-sizes=\"(max-width: 985px) 100vw, 985px\" src=\"data:image\/svg+xml;base64,PHN2ZyB3aWR0aD0iMSIgaGVpZ2h0PSIxIiB4bWxucz0iaHR0cDovL3d3dy53My5vcmcvMjAwMC9zdmciPjwvc3ZnPg==\" style=\"--smush-placeholder-width: 985px; --smush-placeholder-aspect-ratio: 985\/630;\" \/><\/figure><\/div>\n","protected":false},"excerpt":{"rendered":"<p>En el Sal\u00f3n Dorado del Honorable Concejo Deliberante, esta ma\u00f1ana qued\u00f3 formalmente abierto el per\u00edodo de sesiones ordinarias 2022. La sesi\u00f3n fue presidida por la titular del cuerpo legislativo M\u00f3nica Otero y en ella el Intendente Dr. Ram\u00f3n Salazar realiz\u00f3 un balance de los \u00faltimos meses transcurridos, con la presencia en el recinto del ex [&hellip;]<\/p>\n","protected":false},"author":4,"featured_media":104618,"comment_status":"closed","ping_status":"closed","sticky":false,"template":"","format":"standard","meta":{"om_disable_all_campaigns":false,"_jetpack_memberships_contains_paid_content":false,"footnotes":""},"categories":[50,101,2],"tags":[197,696,33,19],"class_list":["post-104617","post","type-post","status-publish","format-standard","has-post-thumbnail","hentry","category-destacadas","category-interes-general-locales","category-locales","tag-buenos-aires","tag-interes-general","tag-locales","tag-san-pedro"],"aioseo_notices":[],"gutentor_comment":0,"jetpack_featured_media_url":"https:\/\/eldiariodesanpedro.com.ar\/sitio\/wp-content\/uploads\/2022\/03\/WhatsApp-Image-2022-03-02-at-15.17.46.jpeg","jetpack_shortlink":"https:\/\/wp.me\/p6RhLt-rdn","jetpack_sharing_enabled":true,"_links":{"self":[{"href":"https:\/\/eldiariodesanpedro.com.ar\/sitio\/wp-json\/wp\/v2\/posts\/104617","targetHints":{"allow":["GET"]}}],"collection":[{"href":"https:\/\/eldiariodesanpedro.com.ar\/sitio\/wp-json\/wp\/v2\/posts"}],"about":[{"href":"https:\/\/eldiariodesanpedro.com.ar\/sitio\/wp-json\/wp\/v2\/types\/post"}],"author":[{"embeddable":true,"href":"https:\/\/eldiariodesanpedro.com.ar\/sitio\/wp-json\/wp\/v2\/users\/4"}],"replies":[{"embeddable":true,"href":"https:\/\/eldiariodesanpedro.com.ar\/sitio\/wp-json\/wp\/v2\/comments?post=104617"}],"version-history":[{"count":1,"href":"https:\/\/eldiariodesanpedro.com.ar\/sitio\/wp-json\/wp\/v2\/posts\/104617\/revisions"}],"predecessor-version":[{"id":104623,"href":"https:\/\/eldiariodesanpedro.com.ar\/sitio\/wp-json\/wp\/v2\/posts\/104617\/revisions\/104623"}],"wp:featuredmedia":[{"embeddable":true,"href":"https:\/\/eldiariodesanpedro.com.ar\/sitio\/wp-json\/wp\/v2\/media\/104618"}],"wp:attachment":[{"href":"https:\/\/eldiariodesanpedro.com.ar\/sitio\/wp-json\/wp\/v2\/media?parent=104617"}],"wp:term":[{"taxonomy":"category","embeddable":true,"href":"https:\/\/eldiariodesanpedro.com.ar\/sitio\/wp-json\/wp\/v2\/categories?post=104617"},{"taxonomy":"post_tag","embeddable":true,"href":"https:\/\/eldiariodesanpedro.com.ar\/sitio\/wp-json\/wp\/v2\/tags?post=104617"}],"curies":[{"name":"wp","href":"https:\/\/api.w.org\/{rel}","templated":true}]}}