{"id":104607,"date":"2022-03-02T17:10:00","date_gmt":"2022-03-02T20:10:00","guid":{"rendered":"https:\/\/eldiariodesanpedro.com.ar\/sitio\/?p=104607"},"modified":"2022-03-02T17:10:01","modified_gmt":"2022-03-02T20:10:01","slug":"hoy-se-dio-inicio-al-ciclo-lectivo-2022","status":"publish","type":"post","link":"https:\/\/eldiariodesanpedro.com.ar\/sitio\/hoy-se-dio-inicio-al-ciclo-lectivo-2022\/","title":{"rendered":"Hoy se dio inicio al ciclo lectivo 2022"},"content":{"rendered":"<!-- VideographyWP Plugin Message: Automatic video embedding prevented by plugin options. -->\n\n<p>Esta ma\u00f1ana los establecimientos educativos de la ciudad dieron inicio al ciclo lectivo que qued\u00f3 oficialmente inaugurado luego de un acto realizado en el Jard\u00edn N\u00b0 901 del que formaron parte autoridades municipales y educativas del \u00e1mbito provincial y local.<\/p>\n\n\n\n<p>La actividad comenz\u00f3 con la presentaci\u00f3n de los abanderados y la entonaci\u00f3n del himno nacional junto al izamiento de las banderas Argentina y Bonaerense.<\/p>\n\n\n\n<p>Formaron parte del acto el Secretario de Gobierno Pablo Vlaeminck, el Secretario de Desarrollo Humano Walter S\u00e1nchez, la Directora de Educaci\u00f3n y Capacitaci\u00f3n Mariana Toscanini, la Asesora Docente de la Direcci\u00f3n Provincial de Educaci\u00f3n Secundaria Silvina Chali, el Secretario Coordinador del Consejo Provincial de Educaci\u00f3n y Trabajo Alan Ocampo, la Jefa Distrital de Educaci\u00f3n Marcela Lucchesi, el Presidente del Consejo Escolar Jorge D\u2019Andrea, los consejeros escolares Cristian Novaro, Vanina Zubieta, Patricia Sabat\u00e9 y Myriam Bonilla, la Inspectora de Nivel Inicial Lorena L\u00f3pez, la Inspectora de Psicolog\u00eda Comunitaria y Pedagog\u00eda Social Mara Orue Tapia, la Inspectora de Educaci\u00f3n Especial Mar\u00eda Mestre, el Inspector de Educaci\u00f3n Art\u00edstica Guillermo Viles y las Inspectoras de Nivel Primario Paola Heredia y Mar\u00eda Alicia Churruar\u00edn.<\/p>\n\n\n\n<p>En su discurso a los presentes la Jefa Distrital Marcela Lucchesi agradeci\u00f3 a las autoridades presentes y se refiri\u00f3 al compromiso para que \u201cesta presencialidad sea de marzo a diciembre\u201d. Sosteniendo que \u201ceste a\u00f1o nos desaf\u00eda y nos llena de orgullo porque es el resultado de un esfuerzo de toda la comunidad para enfrentar la pandemia\u201d.<\/p>\n\n\n\n<p>Por su parte, la Asesora Docente de la Direcci\u00f3n Provincial de Educaci\u00f3n Secundaria Silvina Chali agradeci\u00f3 al equipo directivo, de docentes y \u201cespecialmente a la familia por el compromiso de trabajar con los chicos en el hogar\u201d.<\/p>\n\n\n\n<p>Para finalizar se presentaron las maestras que trabajar\u00e1n con los ni\u00f1os y ni\u00f1as y se desarroll\u00f3 una actividad con baile y m\u00fasica para dar inicio a la jornada de adaptaci\u00f3n junto a familiares.<\/p>\n\n\n\n<div class=\"wp-block-image\"><figure class=\"aligncenter size-large\"><img decoding=\"async\" width=\"1024\" height=\"619\" data-attachment-id=\"104610\" data-permalink=\"https:\/\/eldiariodesanpedro.com.ar\/sitio\/hoy-se-dio-inicio-al-ciclo-lectivo-2022\/whatsapp-image-2022-03-02-at-10-53-39\/\" data-orig-file=\"https:\/\/eldiariodesanpedro.com.ar\/sitio\/wp-content\/uploads\/2022\/03\/WhatsApp-Image-2022-03-02-at-10.53.39.jpeg\" data-orig-size=\"1042,630\" data-comments-opened=\"0\" data-image-meta=\"{&quot;aperture&quot;:&quot;0&quot;,&quot;credit&quot;:&quot;&quot;,&quot;camera&quot;:&quot;&quot;,&quot;caption&quot;:&quot;&quot;,&quot;created_timestamp&quot;:&quot;0&quot;,&quot;copyright&quot;:&quot;&quot;,&quot;focal_length&quot;:&quot;0&quot;,&quot;iso&quot;:&quot;0&quot;,&quot;shutter_speed&quot;:&quot;0&quot;,&quot;title&quot;:&quot;&quot;,&quot;orientation&quot;:&quot;0&quot;}\" data-image-title=\"WhatsApp Image 2022-03-02 at 10.53.39\" data-image-description=\"\" data-image-caption=\"\" data-large-file=\"https:\/\/eldiariodesanpedro.com.ar\/sitio\/wp-content\/uploads\/2022\/03\/WhatsApp-Image-2022-03-02-at-10.53.39-1024x619.jpeg\" data-src=\"https:\/\/eldiariodesanpedro.com.ar\/sitio\/wp-content\/uploads\/2022\/03\/WhatsApp-Image-2022-03-02-at-10.53.39-1024x619.jpeg\" alt=\"\" class=\"wp-image-104610 lazyload\" data-srcset=\"https:\/\/eldiariodesanpedro.com.ar\/sitio\/wp-content\/uploads\/2022\/03\/WhatsApp-Image-2022-03-02-at-10.53.39-1024x619.jpeg 1024w, https:\/\/eldiariodesanpedro.com.ar\/sitio\/wp-content\/uploads\/2022\/03\/WhatsApp-Image-2022-03-02-at-10.53.39-300x181.jpeg 300w, https:\/\/eldiariodesanpedro.com.ar\/sitio\/wp-content\/uploads\/2022\/03\/WhatsApp-Image-2022-03-02-at-10.53.39-768x464.jpeg 768w, https:\/\/eldiariodesanpedro.com.ar\/sitio\/wp-content\/uploads\/2022\/03\/WhatsApp-Image-2022-03-02-at-10.53.39.jpeg 1042w\" data-sizes=\"(max-width: 1024px) 100vw, 1024px\" src=\"data:image\/svg+xml;base64,PHN2ZyB3aWR0aD0iMSIgaGVpZ2h0PSIxIiB4bWxucz0iaHR0cDovL3d3dy53My5vcmcvMjAwMC9zdmciPjwvc3ZnPg==\" style=\"--smush-placeholder-width: 1024px; --smush-placeholder-aspect-ratio: 1024\/619;\" \/><\/figure><\/div>\n\n\n\n<div class=\"wp-block-image\"><figure class=\"aligncenter size-full\"><img decoding=\"async\" width=\"993\" height=\"630\" data-attachment-id=\"104611\" data-permalink=\"https:\/\/eldiariodesanpedro.com.ar\/sitio\/hoy-se-dio-inicio-al-ciclo-lectivo-2022\/whatsapp-image-2022-03-02-at-10-53-40\/\" data-orig-file=\"https:\/\/eldiariodesanpedro.com.ar\/sitio\/wp-content\/uploads\/2022\/03\/WhatsApp-Image-2022-03-02-at-10.53.40.jpeg\" data-orig-size=\"993,630\" data-comments-opened=\"0\" data-image-meta=\"{&quot;aperture&quot;:&quot;0&quot;,&quot;credit&quot;:&quot;&quot;,&quot;camera&quot;:&quot;&quot;,&quot;caption&quot;:&quot;&quot;,&quot;created_timestamp&quot;:&quot;0&quot;,&quot;copyright&quot;:&quot;&quot;,&quot;focal_length&quot;:&quot;0&quot;,&quot;iso&quot;:&quot;0&quot;,&quot;shutter_speed&quot;:&quot;0&quot;,&quot;title&quot;:&quot;&quot;,&quot;orientation&quot;:&quot;0&quot;}\" data-image-title=\"WhatsApp Image 2022-03-02 at 10.53.40\" data-image-description=\"\" data-image-caption=\"\" data-large-file=\"https:\/\/eldiariodesanpedro.com.ar\/sitio\/wp-content\/uploads\/2022\/03\/WhatsApp-Image-2022-03-02-at-10.53.40.jpeg\" data-src=\"https:\/\/eldiariodesanpedro.com.ar\/sitio\/wp-content\/uploads\/2022\/03\/WhatsApp-Image-2022-03-02-at-10.53.40.jpeg\" alt=\"\" class=\"wp-image-104611 lazyload\" data-srcset=\"https:\/\/eldiariodesanpedro.com.ar\/sitio\/wp-content\/uploads\/2022\/03\/WhatsApp-Image-2022-03-02-at-10.53.40.jpeg 993w, https:\/\/eldiariodesanpedro.com.ar\/sitio\/wp-content\/uploads\/2022\/03\/WhatsApp-Image-2022-03-02-at-10.53.40-300x190.jpeg 300w, https:\/\/eldiariodesanpedro.com.ar\/sitio\/wp-content\/uploads\/2022\/03\/WhatsApp-Image-2022-03-02-at-10.53.40-768x487.jpeg 768w\" data-sizes=\"(max-width: 993px) 100vw, 993px\" src=\"data:image\/svg+xml;base64,PHN2ZyB3aWR0aD0iMSIgaGVpZ2h0PSIxIiB4bWxucz0iaHR0cDovL3d3dy53My5vcmcvMjAwMC9zdmciPjwvc3ZnPg==\" style=\"--smush-placeholder-width: 993px; --smush-placeholder-aspect-ratio: 993\/630;\" \/><\/figure><\/div>\n\n\n\n<div class=\"wp-block-image\"><figure class=\"aligncenter size-full\"><img decoding=\"async\" width=\"420\" height=\"630\" data-attachment-id=\"104608\" data-permalink=\"https:\/\/eldiariodesanpedro.com.ar\/sitio\/hoy-se-dio-inicio-al-ciclo-lectivo-2022\/whatsapp-image-2022-03-02-at-10-53-37\/\" data-orig-file=\"https:\/\/eldiariodesanpedro.com.ar\/sitio\/wp-content\/uploads\/2022\/03\/WhatsApp-Image-2022-03-02-at-10.53.37.jpeg\" data-orig-size=\"420,630\" data-comments-opened=\"0\" data-image-meta=\"{&quot;aperture&quot;:&quot;0&quot;,&quot;credit&quot;:&quot;&quot;,&quot;camera&quot;:&quot;&quot;,&quot;caption&quot;:&quot;&quot;,&quot;created_timestamp&quot;:&quot;0&quot;,&quot;copyright&quot;:&quot;&quot;,&quot;focal_length&quot;:&quot;0&quot;,&quot;iso&quot;:&quot;0&quot;,&quot;shutter_speed&quot;:&quot;0&quot;,&quot;title&quot;:&quot;&quot;,&quot;orientation&quot;:&quot;0&quot;}\" data-image-title=\"WhatsApp Image 2022-03-02 at 10.53.37\" data-image-description=\"\" data-image-caption=\"\" data-large-file=\"https:\/\/eldiariodesanpedro.com.ar\/sitio\/wp-content\/uploads\/2022\/03\/WhatsApp-Image-2022-03-02-at-10.53.37.jpeg\" data-src=\"https:\/\/eldiariodesanpedro.com.ar\/sitio\/wp-content\/uploads\/2022\/03\/WhatsApp-Image-2022-03-02-at-10.53.37.jpeg\" alt=\"\" class=\"wp-image-104608 lazyload\" data-srcset=\"https:\/\/eldiariodesanpedro.com.ar\/sitio\/wp-content\/uploads\/2022\/03\/WhatsApp-Image-2022-03-02-at-10.53.37.jpeg 420w, https:\/\/eldiariodesanpedro.com.ar\/sitio\/wp-content\/uploads\/2022\/03\/WhatsApp-Image-2022-03-02-at-10.53.37-200x300.jpeg 200w\" data-sizes=\"(max-width: 420px) 100vw, 420px\" src=\"data:image\/svg+xml;base64,PHN2ZyB3aWR0aD0iMSIgaGVpZ2h0PSIxIiB4bWxucz0iaHR0cDovL3d3dy53My5vcmcvMjAwMC9zdmciPjwvc3ZnPg==\" style=\"--smush-placeholder-width: 420px; --smush-placeholder-aspect-ratio: 420\/630;\" \/><\/figure><\/div>\n","protected":false},"excerpt":{"rendered":"<p>Esta ma\u00f1ana los establecimientos educativos de la ciudad dieron inicio al ciclo lectivo que qued\u00f3 oficialmente inaugurado luego de un acto realizado en el Jard\u00edn N\u00b0 901 del que formaron parte autoridades municipales y educativas del \u00e1mbito provincial y local. La actividad comenz\u00f3 con la presentaci\u00f3n de los abanderados y la entonaci\u00f3n del himno nacional [&hellip;]<\/p>\n","protected":false},"author":4,"featured_media":104609,"comment_status":"closed","ping_status":"closed","sticky":false,"template":"","format":"standard","meta":{"om_disable_all_campaigns":false,"_jetpack_memberships_contains_paid_content":false,"footnotes":""},"categories":[50,101,2],"tags":[197,2742,696,33,19],"class_list":["post-104607","post","type-post","status-publish","format-standard","has-post-thumbnail","hentry","category-destacadas","category-interes-general-locales","category-locales","tag-buenos-aires","tag-hoy-se-dio-inicio-al-ciclo-lectivo-2022","tag-interes-general","tag-locales","tag-san-pedro"],"aioseo_notices":[],"gutentor_comment":0,"jetpack_featured_media_url":"https:\/\/eldiariodesanpedro.com.ar\/sitio\/wp-content\/uploads\/2022\/03\/WhatsApp-Image-2022-03-02-at-10.53.38.jpeg","jetpack_shortlink":"https:\/\/wp.me\/p6RhLt-rdd","jetpack_sharing_enabled":true,"_links":{"self":[{"href":"https:\/\/eldiariodesanpedro.com.ar\/sitio\/wp-json\/wp\/v2\/posts\/104607","targetHints":{"allow":["GET"]}}],"collection":[{"href":"https:\/\/eldiariodesanpedro.com.ar\/sitio\/wp-json\/wp\/v2\/posts"}],"about":[{"href":"https:\/\/eldiariodesanpedro.com.ar\/sitio\/wp-json\/wp\/v2\/types\/post"}],"author":[{"embeddable":true,"href":"https:\/\/eldiariodesanpedro.com.ar\/sitio\/wp-json\/wp\/v2\/users\/4"}],"replies":[{"embeddable":true,"href":"https:\/\/eldiariodesanpedro.com.ar\/sitio\/wp-json\/wp\/v2\/comments?post=104607"}],"version-history":[{"count":1,"href":"https:\/\/eldiariodesanpedro.com.ar\/sitio\/wp-json\/wp\/v2\/posts\/104607\/revisions"}],"predecessor-version":[{"id":104613,"href":"https:\/\/eldiariodesanpedro.com.ar\/sitio\/wp-json\/wp\/v2\/posts\/104607\/revisions\/104613"}],"wp:featuredmedia":[{"embeddable":true,"href":"https:\/\/eldiariodesanpedro.com.ar\/sitio\/wp-json\/wp\/v2\/media\/104609"}],"wp:attachment":[{"href":"https:\/\/eldiariodesanpedro.com.ar\/sitio\/wp-json\/wp\/v2\/media?parent=104607"}],"wp:term":[{"taxonomy":"category","embeddable":true,"href":"https:\/\/eldiariodesanpedro.com.ar\/sitio\/wp-json\/wp\/v2\/categories?post=104607"},{"taxonomy":"post_tag","embeddable":true,"href":"https:\/\/eldiariodesanpedro.com.ar\/sitio\/wp-json\/wp\/v2\/tags?post=104607"}],"curies":[{"name":"wp","href":"https:\/\/api.w.org\/{rel}","templated":true}]}}