{"id":104600,"date":"2022-03-02T17:04:47","date_gmt":"2022-03-02T20:04:47","guid":{"rendered":"https:\/\/eldiariodesanpedro.com.ar\/sitio\/?p=104600"},"modified":"2022-03-02T17:04:48","modified_gmt":"2022-03-02T20:04:48","slug":"se-desarrollo-san-pedro-canta-en-el-paseo-publico-con-un-exito-total","status":"publish","type":"post","link":"https:\/\/eldiariodesanpedro.com.ar\/sitio\/se-desarrollo-san-pedro-canta-en-el-paseo-publico-con-un-exito-total\/","title":{"rendered":"Se desarroll\u00f3 San Pedro Canta en el Paseo P\u00fablico con un exito total"},"content":{"rendered":"<!-- VideographyWP Plugin Message: Automatic video embedding prevented by plugin options. -->\n\n<p>Este fin de semana largo, tras la suspensi\u00f3n de s\u00e1bado y domingo por el mal tiempo,&nbsp; se llev\u00f3 a cabo la primera jornada de la quinta edici\u00f3n del festival San Pedro Canta en el Paseo P\u00fablico con las presentaciones de Lumar\u00f3, Pe\u00f1a el Fog\u00f3n, Facu Troilo, Victoria Egel, Renacer Criollo, Claudio Mart\u00edn, Florcita de Cedr\u00f3n, Coraz\u00f3n de mi Pueblo, None Gonz\u00e1lez, La Clave Folcl\u00f3rica, los L\u00f3pez Heredia, quienes fueron reconocidos como conjunto revelaci\u00f3n del festival y el cierre a cargo de Juan Fuentes, ex vocalista del conjunto salte\u00f1o Los Huayra.<\/p>\n\n\n\n<p>El evento cont\u00f3 con la presencia del Intendente Dr. Ram\u00f3n Salazar, el Secretario de Coordinaci\u00f3n Hern\u00e1n Contreras y la Secretaria de Turismo Marcela Cu\u00f1er.&nbsp;<\/p>\n\n\n\n<p>La actividad continu\u00f3 el d\u00eda de de ayer con las presentaciones de Los Surys, Mart\u00edn Franchini, Renacer de la Luna, Cristian Soloaga, Almas Folcl\u00f3ricas, Daniel Cabrera, Hector C\u00e1ceres, Los Pampas y Yacar\u00e9 Manso.&nbsp;<\/p>\n\n\n\n<p>Miles de personas estuvieron presentes en ambas jornadas para disfrutar de los shows musicales sobre el escenario y los carros gastron\u00f3micos, adem\u00e1s de la posibilidad de recorrer una gran cantidad de artesanos.<\/p>\n\n\n\n<iframe data-src=\"https:\/\/www.facebook.com\/plugins\/post.php?href=https%3A%2F%2Fwww.facebook.com%2Fsanpedrocanta%2Fposts%2F490588572477773&#038;show_text=true&#038;width=500\" width=\"500\" height=\"671\" style=\"border:none;overflow:hidden\" scrolling=\"no\" frameborder=\"0\" allowfullscreen=\"true\" allow=\"autoplay; clipboard-write; encrypted-media; picture-in-picture; web-share\" src=\"data:image\/svg+xml;base64,PHN2ZyB3aWR0aD0iMSIgaGVpZ2h0PSIxIiB4bWxucz0iaHR0cDovL3d3dy53My5vcmcvMjAwMC9zdmciPjwvc3ZnPg==\" class=\"lazyload\" data-load-mode=\"1\"><\/iframe>\n","protected":false},"excerpt":{"rendered":"<p>Este fin de semana largo, tras la suspensi\u00f3n de s\u00e1bado y domingo por el mal tiempo,&nbsp; se llev\u00f3 a cabo la primera jornada de la quinta edici\u00f3n del festival San Pedro Canta en el Paseo P\u00fablico con las presentaciones de Lumar\u00f3, Pe\u00f1a el Fog\u00f3n, Facu Troilo, Victoria Egel, Renacer Criollo, Claudio Mart\u00edn, Florcita de Cedr\u00f3n, [&hellip;]<\/p>\n","protected":false},"author":4,"featured_media":104605,"comment_status":"closed","ping_status":"closed","sticky":false,"template":"","format":"standard","meta":{"om_disable_all_campaigns":false,"_jetpack_memberships_contains_paid_content":false,"footnotes":""},"categories":[50,101,2],"tags":[197,696,33,19],"class_list":["post-104600","post","type-post","status-publish","format-standard","has-post-thumbnail","hentry","category-destacadas","category-interes-general-locales","category-locales","tag-buenos-aires","tag-interes-general","tag-locales","tag-san-pedro"],"aioseo_notices":[],"gutentor_comment":0,"jetpack_featured_media_url":"https:\/\/eldiariodesanpedro.com.ar\/sitio\/wp-content\/uploads\/2022\/03\/DSC_0938.jpg","jetpack_shortlink":"https:\/\/wp.me\/p6RhLt-rd6","jetpack_sharing_enabled":true,"_links":{"self":[{"href":"https:\/\/eldiariodesanpedro.com.ar\/sitio\/wp-json\/wp\/v2\/posts\/104600","targetHints":{"allow":["GET"]}}],"collection":[{"href":"https:\/\/eldiariodesanpedro.com.ar\/sitio\/wp-json\/wp\/v2\/posts"}],"about":[{"href":"https:\/\/eldiariodesanpedro.com.ar\/sitio\/wp-json\/wp\/v2\/types\/post"}],"author":[{"embeddable":true,"href":"https:\/\/eldiariodesanpedro.com.ar\/sitio\/wp-json\/wp\/v2\/users\/4"}],"replies":[{"embeddable":true,"href":"https:\/\/eldiariodesanpedro.com.ar\/sitio\/wp-json\/wp\/v2\/comments?post=104600"}],"version-history":[{"count":1,"href":"https:\/\/eldiariodesanpedro.com.ar\/sitio\/wp-json\/wp\/v2\/posts\/104600\/revisions"}],"predecessor-version":[{"id":104606,"href":"https:\/\/eldiariodesanpedro.com.ar\/sitio\/wp-json\/wp\/v2\/posts\/104600\/revisions\/104606"}],"wp:featuredmedia":[{"embeddable":true,"href":"https:\/\/eldiariodesanpedro.com.ar\/sitio\/wp-json\/wp\/v2\/media\/104605"}],"wp:attachment":[{"href":"https:\/\/eldiariodesanpedro.com.ar\/sitio\/wp-json\/wp\/v2\/media?parent=104600"}],"wp:term":[{"taxonomy":"category","embeddable":true,"href":"https:\/\/eldiariodesanpedro.com.ar\/sitio\/wp-json\/wp\/v2\/categories?post=104600"},{"taxonomy":"post_tag","embeddable":true,"href":"https:\/\/eldiariodesanpedro.com.ar\/sitio\/wp-json\/wp\/v2\/tags?post=104600"}],"curies":[{"name":"wp","href":"https:\/\/api.w.org\/{rel}","templated":true}]}}