{"id":104593,"date":"2022-03-02T13:10:48","date_gmt":"2022-03-02T16:10:48","guid":{"rendered":"https:\/\/eldiariodesanpedro.com.ar\/sitio\/?p=104593"},"modified":"2022-03-02T13:10:49","modified_gmt":"2022-03-02T16:10:49","slug":"duodecimo-aniversario-del-ara-irigoyen-en-san-pedro","status":"publish","type":"post","link":"https:\/\/eldiariodesanpedro.com.ar\/sitio\/duodecimo-aniversario-del-ara-irigoyen-en-san-pedro\/","title":{"rendered":"Duod\u00e9cimo aniversario del ARA Irigoyen en San Pedro"},"content":{"rendered":"<!-- VideographyWP Plugin Message: Automatic video embedding prevented by plugin options. -->\n\n<p>Esta ma\u00f1ana se llev\u00f3 a cabo la conmemoraci\u00f3n del 12\u00b0 aniversario de la inauguraci\u00f3n del Buque A.R.A Irigoyen como Buque-Museo, luego de dar por finalizados sus viajes y anclar definitivamente en la ciudad de San Pedro.<\/p>\n\n\n\n<p>La jornada comenz\u00f3 con la interpretaci\u00f3n de la Marcha de las Malvinas por la banda Arcobaleno dirigida por Miguel Rivero, quienes vinieron a la ciudad para formar parte de este aniversario en el que adem\u00e1s interpretaron el Himno Nacional, la Marcha de San Lorenzo y Diana del Parque en homenaje al hist\u00f3rico buque.<br>La Armada Argentina estuvo presente a trav\u00e9s del Teniente de Corbeta Kevin Winschel, quien junto al secretario de Econom\u00eda y Hacienda Fabi\u00e1n Rodr\u00edguez fueron los encargados de izar el Pabell\u00f3n Nacional.<\/p>\n\n\n\n<p>Participaron del acto el secretario de Gobierno Pablo Vlaeminck, la secretaria de Turismo y Cultura Marcela Cu\u00f1er, el secretario de Seguridad Diego Solana, el Secretario de Desarrollo Econ\u00f3mico Mart\u00edn Baraybar, la secretaria de Pol\u00edticas de G\u00e9nero, Mujeres y Diversidad Laura Monfasani, el presidente del Consejo Escolar Jorge D\u2019Andrea, Directores de las diferentes \u00e1reas Municipales, la presidenta de la Cooperadora del Hospital Emilio Ruffa Mirta Borrel, la titular de Cruz Roja San Pedro Marisa Garc\u00eda y colaboradores de la instituci\u00f3n, representantes de la Asociaci\u00f3n Sanmartiniana, de la Asociaci\u00f3n de Amigos del Centro de Estudios Hist\u00f3ricos de San Pedro y de la Biblioteca Popular Rafael Obligado.<\/p>\n\n\n\n<p>En su mensaje a los presentes, el secretario de Gobierno Pablo Vlaeminck rindi\u00f3 un homenaje \u201ca quienes han dado su mayor esfuerzo para defender con vocaci\u00f3n nuestra soberan\u00eda y nuestra seguridad\u201d. Adem\u00e1s, destac\u00f3 el trabajo de quienes han tenido la \u201cmisi\u00f3n de mantener, cuidar y preservar el patrimonio hist\u00f3rico que este buque representa\u201d asegurando que \u201cel Buque Museo es un espacio que nos convoca para actividades sociales y culturales\u201d.<\/p>\n\n\n\n<p>Como cierre del acto Sol Altolaguirre interpret\u00f3 una emotiva danza acompa\u00f1ada por la voz de Nicol\u00e1s Giovanettoni y finalmente la banda Arcobaleno realiz\u00f3 varias interpretaciones mientras los presentes comenzaban a recorrer el buque.<\/p>\n\n\n\n<figure class=\"wp-block-image size-full\"><img decoding=\"async\" width=\"976\" height=\"630\" data-attachment-id=\"104598\" data-permalink=\"https:\/\/eldiariodesanpedro.com.ar\/sitio\/duodecimo-aniversario-del-ara-irigoyen-en-san-pedro\/whatsapp-image-2022-02-28-at-13-06-23\/\" data-orig-file=\"https:\/\/eldiariodesanpedro.com.ar\/sitio\/wp-content\/uploads\/2022\/03\/WhatsApp-Image-2022-02-28-at-13.06.23.jpeg\" data-orig-size=\"976,630\" data-comments-opened=\"0\" data-image-meta=\"{&quot;aperture&quot;:&quot;0&quot;,&quot;credit&quot;:&quot;&quot;,&quot;camera&quot;:&quot;&quot;,&quot;caption&quot;:&quot;&quot;,&quot;created_timestamp&quot;:&quot;0&quot;,&quot;copyright&quot;:&quot;&quot;,&quot;focal_length&quot;:&quot;0&quot;,&quot;iso&quot;:&quot;0&quot;,&quot;shutter_speed&quot;:&quot;0&quot;,&quot;title&quot;:&quot;&quot;,&quot;orientation&quot;:&quot;0&quot;}\" data-image-title=\"WhatsApp Image 2022-02-28 at 13.06.23\" data-image-description=\"\" data-image-caption=\"\" data-large-file=\"https:\/\/eldiariodesanpedro.com.ar\/sitio\/wp-content\/uploads\/2022\/03\/WhatsApp-Image-2022-02-28-at-13.06.23.jpeg\" data-src=\"https:\/\/eldiariodesanpedro.com.ar\/sitio\/wp-content\/uploads\/2022\/03\/WhatsApp-Image-2022-02-28-at-13.06.23.jpeg\" alt=\"\" class=\"wp-image-104598 lazyload\" data-srcset=\"https:\/\/eldiariodesanpedro.com.ar\/sitio\/wp-content\/uploads\/2022\/03\/WhatsApp-Image-2022-02-28-at-13.06.23.jpeg 976w, https:\/\/eldiariodesanpedro.com.ar\/sitio\/wp-content\/uploads\/2022\/03\/WhatsApp-Image-2022-02-28-at-13.06.23-300x194.jpeg 300w, https:\/\/eldiariodesanpedro.com.ar\/sitio\/wp-content\/uploads\/2022\/03\/WhatsApp-Image-2022-02-28-at-13.06.23-768x496.jpeg 768w\" data-sizes=\"(max-width: 976px) 100vw, 976px\" src=\"data:image\/svg+xml;base64,PHN2ZyB3aWR0aD0iMSIgaGVpZ2h0PSIxIiB4bWxucz0iaHR0cDovL3d3dy53My5vcmcvMjAwMC9zdmciPjwvc3ZnPg==\" style=\"--smush-placeholder-width: 976px; --smush-placeholder-aspect-ratio: 976\/630;\" \/><\/figure>\n\n\n\n<figure class=\"wp-block-image size-full\"><img decoding=\"async\" width=\"945\" height=\"630\" data-attachment-id=\"104596\" data-permalink=\"https:\/\/eldiariodesanpedro.com.ar\/sitio\/duodecimo-aniversario-del-ara-irigoyen-en-san-pedro\/whatsapp-image-2022-02-28-at-13-06-21\/\" data-orig-file=\"https:\/\/eldiariodesanpedro.com.ar\/sitio\/wp-content\/uploads\/2022\/03\/WhatsApp-Image-2022-02-28-at-13.06.21.jpeg\" data-orig-size=\"945,630\" data-comments-opened=\"0\" data-image-meta=\"{&quot;aperture&quot;:&quot;0&quot;,&quot;credit&quot;:&quot;&quot;,&quot;camera&quot;:&quot;&quot;,&quot;caption&quot;:&quot;&quot;,&quot;created_timestamp&quot;:&quot;0&quot;,&quot;copyright&quot;:&quot;&quot;,&quot;focal_length&quot;:&quot;0&quot;,&quot;iso&quot;:&quot;0&quot;,&quot;shutter_speed&quot;:&quot;0&quot;,&quot;title&quot;:&quot;&quot;,&quot;orientation&quot;:&quot;0&quot;}\" data-image-title=\"WhatsApp Image 2022-02-28 at 13.06.21\" data-image-description=\"\" data-image-caption=\"\" data-large-file=\"https:\/\/eldiariodesanpedro.com.ar\/sitio\/wp-content\/uploads\/2022\/03\/WhatsApp-Image-2022-02-28-at-13.06.21.jpeg\" data-src=\"https:\/\/eldiariodesanpedro.com.ar\/sitio\/wp-content\/uploads\/2022\/03\/WhatsApp-Image-2022-02-28-at-13.06.21.jpeg\" alt=\"\" class=\"wp-image-104596 lazyload\" data-srcset=\"https:\/\/eldiariodesanpedro.com.ar\/sitio\/wp-content\/uploads\/2022\/03\/WhatsApp-Image-2022-02-28-at-13.06.21.jpeg 945w, https:\/\/eldiariodesanpedro.com.ar\/sitio\/wp-content\/uploads\/2022\/03\/WhatsApp-Image-2022-02-28-at-13.06.21-300x200.jpeg 300w, https:\/\/eldiariodesanpedro.com.ar\/sitio\/wp-content\/uploads\/2022\/03\/WhatsApp-Image-2022-02-28-at-13.06.21-768x512.jpeg 768w\" data-sizes=\"(max-width: 945px) 100vw, 945px\" src=\"data:image\/svg+xml;base64,PHN2ZyB3aWR0aD0iMSIgaGVpZ2h0PSIxIiB4bWxucz0iaHR0cDovL3d3dy53My5vcmcvMjAwMC9zdmciPjwvc3ZnPg==\" style=\"--smush-placeholder-width: 945px; --smush-placeholder-aspect-ratio: 945\/630;\" \/><\/figure>\n\n\n\n<figure class=\"wp-block-image size-full\"><img decoding=\"async\" width=\"945\" height=\"630\" data-attachment-id=\"104594\" data-permalink=\"https:\/\/eldiariodesanpedro.com.ar\/sitio\/duodecimo-aniversario-del-ara-irigoyen-en-san-pedro\/whatsapp-image-2022-02-28-at-13-06-17\/\" data-orig-file=\"https:\/\/eldiariodesanpedro.com.ar\/sitio\/wp-content\/uploads\/2022\/03\/WhatsApp-Image-2022-02-28-at-13.06.17.jpeg\" data-orig-size=\"945,630\" data-comments-opened=\"0\" data-image-meta=\"{&quot;aperture&quot;:&quot;0&quot;,&quot;credit&quot;:&quot;&quot;,&quot;camera&quot;:&quot;&quot;,&quot;caption&quot;:&quot;&quot;,&quot;created_timestamp&quot;:&quot;0&quot;,&quot;copyright&quot;:&quot;&quot;,&quot;focal_length&quot;:&quot;0&quot;,&quot;iso&quot;:&quot;0&quot;,&quot;shutter_speed&quot;:&quot;0&quot;,&quot;title&quot;:&quot;&quot;,&quot;orientation&quot;:&quot;0&quot;}\" data-image-title=\"WhatsApp Image 2022-02-28 at 13.06.17\" data-image-description=\"\" data-image-caption=\"\" data-large-file=\"https:\/\/eldiariodesanpedro.com.ar\/sitio\/wp-content\/uploads\/2022\/03\/WhatsApp-Image-2022-02-28-at-13.06.17.jpeg\" data-src=\"https:\/\/eldiariodesanpedro.com.ar\/sitio\/wp-content\/uploads\/2022\/03\/WhatsApp-Image-2022-02-28-at-13.06.17.jpeg\" alt=\"\" class=\"wp-image-104594 lazyload\" data-srcset=\"https:\/\/eldiariodesanpedro.com.ar\/sitio\/wp-content\/uploads\/2022\/03\/WhatsApp-Image-2022-02-28-at-13.06.17.jpeg 945w, https:\/\/eldiariodesanpedro.com.ar\/sitio\/wp-content\/uploads\/2022\/03\/WhatsApp-Image-2022-02-28-at-13.06.17-300x200.jpeg 300w, https:\/\/eldiariodesanpedro.com.ar\/sitio\/wp-content\/uploads\/2022\/03\/WhatsApp-Image-2022-02-28-at-13.06.17-768x512.jpeg 768w\" data-sizes=\"(max-width: 945px) 100vw, 945px\" src=\"data:image\/svg+xml;base64,PHN2ZyB3aWR0aD0iMSIgaGVpZ2h0PSIxIiB4bWxucz0iaHR0cDovL3d3dy53My5vcmcvMjAwMC9zdmciPjwvc3ZnPg==\" style=\"--smush-placeholder-width: 945px; --smush-placeholder-aspect-ratio: 945\/630;\" \/><\/figure>\n\n\n\n<figure class=\"wp-block-image size-full\"><img decoding=\"async\" width=\"945\" height=\"630\" data-attachment-id=\"104597\" data-permalink=\"https:\/\/eldiariodesanpedro.com.ar\/sitio\/duodecimo-aniversario-del-ara-irigoyen-en-san-pedro\/whatsapp-image-2022-02-28-at-13-06-22\/\" data-orig-file=\"https:\/\/eldiariodesanpedro.com.ar\/sitio\/wp-content\/uploads\/2022\/03\/WhatsApp-Image-2022-02-28-at-13.06.22.jpeg\" data-orig-size=\"945,630\" data-comments-opened=\"0\" data-image-meta=\"{&quot;aperture&quot;:&quot;0&quot;,&quot;credit&quot;:&quot;&quot;,&quot;camera&quot;:&quot;&quot;,&quot;caption&quot;:&quot;&quot;,&quot;created_timestamp&quot;:&quot;0&quot;,&quot;copyright&quot;:&quot;&quot;,&quot;focal_length&quot;:&quot;0&quot;,&quot;iso&quot;:&quot;0&quot;,&quot;shutter_speed&quot;:&quot;0&quot;,&quot;title&quot;:&quot;&quot;,&quot;orientation&quot;:&quot;0&quot;}\" data-image-title=\"WhatsApp Image 2022-02-28 at 13.06.22\" data-image-description=\"\" data-image-caption=\"\" data-large-file=\"https:\/\/eldiariodesanpedro.com.ar\/sitio\/wp-content\/uploads\/2022\/03\/WhatsApp-Image-2022-02-28-at-13.06.22.jpeg\" data-src=\"https:\/\/eldiariodesanpedro.com.ar\/sitio\/wp-content\/uploads\/2022\/03\/WhatsApp-Image-2022-02-28-at-13.06.22.jpeg\" alt=\"\" class=\"wp-image-104597 lazyload\" data-srcset=\"https:\/\/eldiariodesanpedro.com.ar\/sitio\/wp-content\/uploads\/2022\/03\/WhatsApp-Image-2022-02-28-at-13.06.22.jpeg 945w, https:\/\/eldiariodesanpedro.com.ar\/sitio\/wp-content\/uploads\/2022\/03\/WhatsApp-Image-2022-02-28-at-13.06.22-300x200.jpeg 300w, https:\/\/eldiariodesanpedro.com.ar\/sitio\/wp-content\/uploads\/2022\/03\/WhatsApp-Image-2022-02-28-at-13.06.22-768x512.jpeg 768w\" data-sizes=\"(max-width: 945px) 100vw, 945px\" src=\"data:image\/svg+xml;base64,PHN2ZyB3aWR0aD0iMSIgaGVpZ2h0PSIxIiB4bWxucz0iaHR0cDovL3d3dy53My5vcmcvMjAwMC9zdmciPjwvc3ZnPg==\" style=\"--smush-placeholder-width: 945px; --smush-placeholder-aspect-ratio: 945\/630;\" \/><\/figure>\n","protected":false},"excerpt":{"rendered":"<p>Esta ma\u00f1ana se llev\u00f3 a cabo la conmemoraci\u00f3n del 12\u00b0 aniversario de la inauguraci\u00f3n del Buque A.R.A Irigoyen como Buque-Museo, luego de dar por finalizados sus viajes y anclar definitivamente en la ciudad de San Pedro. La jornada comenz\u00f3 con la interpretaci\u00f3n de la Marcha de las Malvinas por la banda Arcobaleno dirigida por Miguel [&hellip;]<\/p>\n","protected":false},"author":4,"featured_media":104595,"comment_status":"closed","ping_status":"closed","sticky":false,"template":"","format":"standard","meta":{"om_disable_all_campaigns":false,"_jetpack_memberships_contains_paid_content":false,"footnotes":""},"categories":[50,101,2],"tags":[197,696,33,19],"class_list":["post-104593","post","type-post","status-publish","format-standard","has-post-thumbnail","hentry","category-destacadas","category-interes-general-locales","category-locales","tag-buenos-aires","tag-interes-general","tag-locales","tag-san-pedro"],"aioseo_notices":[],"gutentor_comment":0,"jetpack_featured_media_url":"https:\/\/eldiariodesanpedro.com.ar\/sitio\/wp-content\/uploads\/2022\/03\/WhatsApp-Image-2022-02-28-at-13.06.19.jpeg","jetpack_shortlink":"https:\/\/wp.me\/p6RhLt-rcZ","jetpack_sharing_enabled":true,"_links":{"self":[{"href":"https:\/\/eldiariodesanpedro.com.ar\/sitio\/wp-json\/wp\/v2\/posts\/104593","targetHints":{"allow":["GET"]}}],"collection":[{"href":"https:\/\/eldiariodesanpedro.com.ar\/sitio\/wp-json\/wp\/v2\/posts"}],"about":[{"href":"https:\/\/eldiariodesanpedro.com.ar\/sitio\/wp-json\/wp\/v2\/types\/post"}],"author":[{"embeddable":true,"href":"https:\/\/eldiariodesanpedro.com.ar\/sitio\/wp-json\/wp\/v2\/users\/4"}],"replies":[{"embeddable":true,"href":"https:\/\/eldiariodesanpedro.com.ar\/sitio\/wp-json\/wp\/v2\/comments?post=104593"}],"version-history":[{"count":1,"href":"https:\/\/eldiariodesanpedro.com.ar\/sitio\/wp-json\/wp\/v2\/posts\/104593\/revisions"}],"predecessor-version":[{"id":104599,"href":"https:\/\/eldiariodesanpedro.com.ar\/sitio\/wp-json\/wp\/v2\/posts\/104593\/revisions\/104599"}],"wp:featuredmedia":[{"embeddable":true,"href":"https:\/\/eldiariodesanpedro.com.ar\/sitio\/wp-json\/wp\/v2\/media\/104595"}],"wp:attachment":[{"href":"https:\/\/eldiariodesanpedro.com.ar\/sitio\/wp-json\/wp\/v2\/media?parent=104593"}],"wp:term":[{"taxonomy":"category","embeddable":true,"href":"https:\/\/eldiariodesanpedro.com.ar\/sitio\/wp-json\/wp\/v2\/categories?post=104593"},{"taxonomy":"post_tag","embeddable":true,"href":"https:\/\/eldiariodesanpedro.com.ar\/sitio\/wp-json\/wp\/v2\/tags?post=104593"}],"curies":[{"name":"wp","href":"https:\/\/api.w.org\/{rel}","templated":true}]}}