{"id":104589,"date":"2022-03-02T13:01:40","date_gmt":"2022-03-02T16:01:40","guid":{"rendered":"https:\/\/eldiariodesanpedro.com.ar\/sitio\/?p=104589"},"modified":"2022-03-02T13:01:43","modified_gmt":"2022-03-02T16:01:43","slug":"la-municipalidad-de-san-pedro-distinguio-a-la-deportista-candela-vazquez","status":"publish","type":"post","link":"https:\/\/eldiariodesanpedro.com.ar\/sitio\/la-municipalidad-de-san-pedro-distinguio-a-la-deportista-candela-vazquez\/","title":{"rendered":"La Municipalidad de San Pedro distingui\u00f3 a la deportista Candela V\u00e1zquez"},"content":{"rendered":"<!-- VideographyWP Plugin Message: Automatic video embedding prevented by plugin options. -->\n\n<p>La joven tenista Candela V\u00e1zquez fue recibida por el Intendente Dr. Ram\u00f3n Salazar en el despacho oficial junto al secretario de Coordinaci\u00f3n Hern\u00e1n Contreras y el director de Deportes Mariano Arnal donde se le brind\u00f3 un reconocimiento por su gran desarrollo como tenista.<\/p>\n\n\n\n<p>Durante el encuentro, del que tambi\u00e9n particip\u00f3 su padre, se hizo un repaso por su gira Sudamericana, donde obtuvo los campeonatos de Colombia, Per\u00fa y Brasil, quedando en el primer puesto del ranking sudamericano.<\/p>\n\n\n\n<p>La tenista sampedrina obtuvo hace pocos d\u00edas la asignaci\u00f3n de una beca sistem\u00e1tica a trav\u00e9s de la Comisi\u00f3n Evaluadora del Fondo Municipal de Promoci\u00f3n del Deporte para continuar apoyando su desarrollo.<\/p>\n\n\n\n<figure class=\"wp-block-image size-full\"><img decoding=\"async\" width=\"473\" height=\"630\" data-attachment-id=\"104591\" data-permalink=\"https:\/\/eldiariodesanpedro.com.ar\/sitio\/la-municipalidad-de-san-pedro-distinguio-a-la-deportista-candela-vazquez\/whatsapp-image-2022-02-26-at-17-24-45\/\" data-orig-file=\"https:\/\/eldiariodesanpedro.com.ar\/sitio\/wp-content\/uploads\/2022\/03\/WhatsApp-Image-2022-02-26-at-17.24.45.jpeg\" data-orig-size=\"473,630\" data-comments-opened=\"0\" data-image-meta=\"{&quot;aperture&quot;:&quot;0&quot;,&quot;credit&quot;:&quot;&quot;,&quot;camera&quot;:&quot;&quot;,&quot;caption&quot;:&quot;&quot;,&quot;created_timestamp&quot;:&quot;0&quot;,&quot;copyright&quot;:&quot;&quot;,&quot;focal_length&quot;:&quot;0&quot;,&quot;iso&quot;:&quot;0&quot;,&quot;shutter_speed&quot;:&quot;0&quot;,&quot;title&quot;:&quot;&quot;,&quot;orientation&quot;:&quot;0&quot;}\" data-image-title=\"WhatsApp Image 2022-02-26 at 17.24.45\" data-image-description=\"\" data-image-caption=\"\" data-large-file=\"https:\/\/eldiariodesanpedro.com.ar\/sitio\/wp-content\/uploads\/2022\/03\/WhatsApp-Image-2022-02-26-at-17.24.45.jpeg\" data-src=\"https:\/\/eldiariodesanpedro.com.ar\/sitio\/wp-content\/uploads\/2022\/03\/WhatsApp-Image-2022-02-26-at-17.24.45.jpeg\" alt=\"\" class=\"wp-image-104591 lazyload\" data-srcset=\"https:\/\/eldiariodesanpedro.com.ar\/sitio\/wp-content\/uploads\/2022\/03\/WhatsApp-Image-2022-02-26-at-17.24.45.jpeg 473w, https:\/\/eldiariodesanpedro.com.ar\/sitio\/wp-content\/uploads\/2022\/03\/WhatsApp-Image-2022-02-26-at-17.24.45-225x300.jpeg 225w\" data-sizes=\"(max-width: 473px) 100vw, 473px\" src=\"data:image\/svg+xml;base64,PHN2ZyB3aWR0aD0iMSIgaGVpZ2h0PSIxIiB4bWxucz0iaHR0cDovL3d3dy53My5vcmcvMjAwMC9zdmciPjwvc3ZnPg==\" style=\"--smush-placeholder-width: 473px; --smush-placeholder-aspect-ratio: 473\/630;\" \/><\/figure>\n","protected":false},"excerpt":{"rendered":"<p>La joven tenista Candela V\u00e1zquez fue recibida por el Intendente Dr. Ram\u00f3n Salazar en el despacho oficial junto al secretario de Coordinaci\u00f3n Hern\u00e1n Contreras y el director de Deportes Mariano Arnal donde se le brind\u00f3 un reconocimiento por su gran desarrollo como tenista. Durante el encuentro, del que tambi\u00e9n particip\u00f3 su padre, se hizo un [&hellip;]<\/p>\n","protected":false},"author":4,"featured_media":104590,"comment_status":"closed","ping_status":"closed","sticky":false,"template":"","format":"standard","meta":{"om_disable_all_campaigns":false,"_jetpack_memberships_contains_paid_content":false,"footnotes":""},"categories":[50,101,2],"tags":[197,696,33,19],"class_list":["post-104589","post","type-post","status-publish","format-standard","has-post-thumbnail","hentry","category-destacadas","category-interes-general-locales","category-locales","tag-buenos-aires","tag-interes-general","tag-locales","tag-san-pedro"],"aioseo_notices":[],"gutentor_comment":0,"jetpack_featured_media_url":"https:\/\/eldiariodesanpedro.com.ar\/sitio\/wp-content\/uploads\/2022\/03\/medida.jpg","jetpack_shortlink":"https:\/\/wp.me\/p6RhLt-rcV","jetpack_sharing_enabled":true,"_links":{"self":[{"href":"https:\/\/eldiariodesanpedro.com.ar\/sitio\/wp-json\/wp\/v2\/posts\/104589","targetHints":{"allow":["GET"]}}],"collection":[{"href":"https:\/\/eldiariodesanpedro.com.ar\/sitio\/wp-json\/wp\/v2\/posts"}],"about":[{"href":"https:\/\/eldiariodesanpedro.com.ar\/sitio\/wp-json\/wp\/v2\/types\/post"}],"author":[{"embeddable":true,"href":"https:\/\/eldiariodesanpedro.com.ar\/sitio\/wp-json\/wp\/v2\/users\/4"}],"replies":[{"embeddable":true,"href":"https:\/\/eldiariodesanpedro.com.ar\/sitio\/wp-json\/wp\/v2\/comments?post=104589"}],"version-history":[{"count":1,"href":"https:\/\/eldiariodesanpedro.com.ar\/sitio\/wp-json\/wp\/v2\/posts\/104589\/revisions"}],"predecessor-version":[{"id":104592,"href":"https:\/\/eldiariodesanpedro.com.ar\/sitio\/wp-json\/wp\/v2\/posts\/104589\/revisions\/104592"}],"wp:featuredmedia":[{"embeddable":true,"href":"https:\/\/eldiariodesanpedro.com.ar\/sitio\/wp-json\/wp\/v2\/media\/104590"}],"wp:attachment":[{"href":"https:\/\/eldiariodesanpedro.com.ar\/sitio\/wp-json\/wp\/v2\/media?parent=104589"}],"wp:term":[{"taxonomy":"category","embeddable":true,"href":"https:\/\/eldiariodesanpedro.com.ar\/sitio\/wp-json\/wp\/v2\/categories?post=104589"},{"taxonomy":"post_tag","embeddable":true,"href":"https:\/\/eldiariodesanpedro.com.ar\/sitio\/wp-json\/wp\/v2\/tags?post=104589"}],"curies":[{"name":"wp","href":"https:\/\/api.w.org\/{rel}","templated":true}]}}