{"id":104585,"date":"2022-03-02T10:13:16","date_gmt":"2022-03-02T13:13:16","guid":{"rendered":"https:\/\/eldiariodesanpedro.com.ar\/sitio\/?p=104585"},"modified":"2022-03-02T10:14:32","modified_gmt":"2022-03-02T13:14:32","slug":"violento-accidente-de-transito-sobre-el-ingreso-a-la-ciudad","status":"publish","type":"post","link":"https:\/\/eldiariodesanpedro.com.ar\/sitio\/violento-accidente-de-transito-sobre-el-ingreso-a-la-ciudad\/","title":{"rendered":"Violento accidente de tr\u00e1nsito sobre el ingreso a la ciudad"},"content":{"rendered":"<!-- VideographyWP Plugin Message: Automatic video embedding prevented by plugin options. -->\n\n<p>El incidente se produjo en la tarde del martes en la intersecci\u00f3n de Cro. Gral. Belgrano y Ruta 1001. Los dos conductores sufrieron lesiones de distinta consideraci\u00f3n.<\/p>\n\n\n\n<p>Un siniestro vial de consideraci\u00f3n de origin\u00f3 el martes por la tarde sobre uno de los caminos de acceso a la ciudad.<\/p>\n\n\n\n<p>Se produjo alrededor de las 16 horas en Cro. General Belgrano y Ruta 1001 donde por cuestiones que se tratan de establecer colisionaron dos veh\u00edculos.<\/p>\n\n\n\n<p>Un Peugeot 2008 que sal\u00eda de la ciudad en sentido a la Ruta 1001 impact\u00f3 contra un VW Voyage que ingresaba a la ciudad en sentido al centro. La violencia del impacto hizo que el auto Peugeot pr\u00e1cticamente volara y cayera dentro de un campo a uno 20 metros de donde se produjo el impacto atravesando la zanja e impactando tambi\u00e9n contra una columna , mientras que el otro auto qued\u00f3 sobre la ruta pero con importantes da\u00f1os.<\/p>\n\n\n\n<p>Los conductores, Ignacio Saffignia de 31 a\u00f1os y Alberto G\u00f3mez de 78, debieron ser hospitalizados debido a que presentaban distintas lesiones.<\/p>\n\n\n\n<iframe data-src=\"https:\/\/www.facebook.com\/plugins\/post.php?href=https%3A%2F%2Fwww.facebook.com%2Fdiariosp2%2Fposts%2F279466080951931&#038;show_text=true&#038;width=500\" width=\"500\" height=\"703\" style=\"border:none;overflow:hidden\" scrolling=\"no\" frameborder=\"0\" allowfullscreen=\"true\" allow=\"autoplay; clipboard-write; encrypted-media; picture-in-picture; web-share\" src=\"data:image\/svg+xml;base64,PHN2ZyB3aWR0aD0iMSIgaGVpZ2h0PSIxIiB4bWxucz0iaHR0cDovL3d3dy53My5vcmcvMjAwMC9zdmciPjwvc3ZnPg==\" class=\"lazyload\" data-load-mode=\"1\"><\/iframe>\n","protected":false},"excerpt":{"rendered":"<p>El incidente se produjo en la tarde del martes en la intersecci\u00f3n de Cro. Gral. Belgrano y Ruta 1001. Los dos conductores sufrieron lesiones de distinta consideraci\u00f3n. Un siniestro vial de consideraci\u00f3n de origin\u00f3 el martes por la tarde sobre uno de los caminos de acceso a la ciudad. Se produjo alrededor de las 16 [&hellip;]<\/p>\n","protected":false},"author":4,"featured_media":104586,"comment_status":"closed","ping_status":"closed","sticky":false,"template":"","format":"standard","meta":{"om_disable_all_campaigns":false,"_jetpack_memberships_contains_paid_content":false,"footnotes":""},"categories":[50,2,103],"tags":[197,696,33,19],"class_list":["post-104585","post","type-post","status-publish","format-standard","has-post-thumbnail","hentry","category-destacadas","category-locales","category-policiales-locales","tag-buenos-aires","tag-interes-general","tag-locales","tag-san-pedro"],"aioseo_notices":[],"gutentor_comment":0,"jetpack_featured_media_url":"https:\/\/eldiariodesanpedro.com.ar\/sitio\/wp-content\/uploads\/2022\/03\/0000020724-resized-1920x1080-1.jpg","jetpack_shortlink":"https:\/\/wp.me\/p6RhLt-rcR","jetpack_sharing_enabled":true,"_links":{"self":[{"href":"https:\/\/eldiariodesanpedro.com.ar\/sitio\/wp-json\/wp\/v2\/posts\/104585","targetHints":{"allow":["GET"]}}],"collection":[{"href":"https:\/\/eldiariodesanpedro.com.ar\/sitio\/wp-json\/wp\/v2\/posts"}],"about":[{"href":"https:\/\/eldiariodesanpedro.com.ar\/sitio\/wp-json\/wp\/v2\/types\/post"}],"author":[{"embeddable":true,"href":"https:\/\/eldiariodesanpedro.com.ar\/sitio\/wp-json\/wp\/v2\/users\/4"}],"replies":[{"embeddable":true,"href":"https:\/\/eldiariodesanpedro.com.ar\/sitio\/wp-json\/wp\/v2\/comments?post=104585"}],"version-history":[{"count":2,"href":"https:\/\/eldiariodesanpedro.com.ar\/sitio\/wp-json\/wp\/v2\/posts\/104585\/revisions"}],"predecessor-version":[{"id":104588,"href":"https:\/\/eldiariodesanpedro.com.ar\/sitio\/wp-json\/wp\/v2\/posts\/104585\/revisions\/104588"}],"wp:featuredmedia":[{"embeddable":true,"href":"https:\/\/eldiariodesanpedro.com.ar\/sitio\/wp-json\/wp\/v2\/media\/104586"}],"wp:attachment":[{"href":"https:\/\/eldiariodesanpedro.com.ar\/sitio\/wp-json\/wp\/v2\/media?parent=104585"}],"wp:term":[{"taxonomy":"category","embeddable":true,"href":"https:\/\/eldiariodesanpedro.com.ar\/sitio\/wp-json\/wp\/v2\/categories?post=104585"},{"taxonomy":"post_tag","embeddable":true,"href":"https:\/\/eldiariodesanpedro.com.ar\/sitio\/wp-json\/wp\/v2\/tags?post=104585"}],"curies":[{"name":"wp","href":"https:\/\/api.w.org\/{rel}","templated":true}]}}