{"id":104583,"date":"2022-03-02T10:10:06","date_gmt":"2022-03-02T13:10:06","guid":{"rendered":"https:\/\/eldiariodesanpedro.com.ar\/sitio\/?p=104583"},"modified":"2022-03-02T10:10:07","modified_gmt":"2022-03-02T13:10:07","slug":"anses-quienes-cobran-hoy-2-de-marzo-pensiones-no-contributivas","status":"publish","type":"post","link":"https:\/\/eldiariodesanpedro.com.ar\/sitio\/anses-quienes-cobran-hoy-2-de-marzo-pensiones-no-contributivas\/","title":{"rendered":"ANSES: qui\u00e9nes cobran hoy, 2 de marzo, Pensiones No Contributivas"},"content":{"rendered":"<!-- VideographyWP Plugin Message: Automatic video embedding prevented by plugin options. -->\n\n<p>ANSES informa que hoy se abonan Pensiones No Contributivas (PNC) y los programas Alimentar para Madres de 7 hijos y Alimentario PAMI.<\/p>\n\n\n\n<p><strong>Pensiones No Contributivas<\/strong><\/p>\n\n\n\n<p>Las sucursales bancarias habilitadas atender\u00e1n por ventanilla solo a titulares de PNC que deban cobrar su haber de marzo con documentos terminados en&nbsp;<strong>0<\/strong>&nbsp;y&nbsp;<strong>1<\/strong>.<\/p>\n\n\n\n<p>En este sentido, si bien estas personas no tienen que solicitar turno previo para cobrar este beneficio, deben acercarse a la sucursal bancaria \u00fanicamente en la fecha asignada. De todas formas, los haberes permanecer\u00e1n depositados en sus cuentas.<\/p>\n\n\n\n<p><strong>Programa Alimentar<\/strong><\/p>\n\n\n\n<p>En el marco del&nbsp;<em>Plan Argentina contra el Hambre<\/em>&nbsp;del Ministerio de Desarrollo Social, ANSES acompa\u00f1a con el pago del programa Alimentar. Hoy cobran Madres de 7 hijos que perciben PNC con documentos finalizados en&nbsp;<strong>0&nbsp;<\/strong>y&nbsp;<strong>1<\/strong>&nbsp;en la misma cuenta de la prestaci\u00f3n.<\/p>\n\n\n\n<p><strong>Programa Alimentario PAMI<\/strong><\/p>\n\n\n\n<p>A partir de hoy se lleva adelante el noveno pago extraordinario de hasta 3000 pesos para personas afiliadas a PAMI, quienes recib\u00edan el bols\u00f3n de alimentos que se entregaban en centros de jubilados antes del Covid-19, y para mayores de 85 a\u00f1os con jubilaci\u00f3n m\u00ednima. Recibir\u00e1n el pago en la misma fecha y cuenta que cobran su haber.<\/p>\n","protected":false},"excerpt":{"rendered":"<p>ANSES informa que hoy se abonan Pensiones No Contributivas (PNC) y los programas Alimentar para Madres de 7 hijos y Alimentario PAMI. Pensiones No Contributivas Las sucursales bancarias habilitadas atender\u00e1n por ventanilla solo a titulares de PNC que deban cobrar su haber de marzo con documentos terminados en&nbsp;0&nbsp;y&nbsp;1. En este sentido, si bien estas personas [&hellip;]<\/p>\n","protected":false},"author":4,"featured_media":100119,"comment_status":"closed","ping_status":"closed","sticky":false,"template":"","format":"standard","meta":{"om_disable_all_campaigns":false,"_jetpack_memberships_contains_paid_content":false,"footnotes":""},"categories":[101,2],"tags":[197,696,33,19],"class_list":["post-104583","post","type-post","status-publish","format-standard","has-post-thumbnail","hentry","category-interes-general-locales","category-locales","tag-buenos-aires","tag-interes-general","tag-locales","tag-san-pedro"],"aioseo_notices":[],"gutentor_comment":0,"jetpack_featured_media_url":"https:\/\/eldiariodesanpedro.com.ar\/sitio\/wp-content\/uploads\/2021\/10\/ansesjpgjpg.jpg","jetpack_shortlink":"https:\/\/wp.me\/p6RhLt-rcP","jetpack_sharing_enabled":true,"_links":{"self":[{"href":"https:\/\/eldiariodesanpedro.com.ar\/sitio\/wp-json\/wp\/v2\/posts\/104583","targetHints":{"allow":["GET"]}}],"collection":[{"href":"https:\/\/eldiariodesanpedro.com.ar\/sitio\/wp-json\/wp\/v2\/posts"}],"about":[{"href":"https:\/\/eldiariodesanpedro.com.ar\/sitio\/wp-json\/wp\/v2\/types\/post"}],"author":[{"embeddable":true,"href":"https:\/\/eldiariodesanpedro.com.ar\/sitio\/wp-json\/wp\/v2\/users\/4"}],"replies":[{"embeddable":true,"href":"https:\/\/eldiariodesanpedro.com.ar\/sitio\/wp-json\/wp\/v2\/comments?post=104583"}],"version-history":[{"count":1,"href":"https:\/\/eldiariodesanpedro.com.ar\/sitio\/wp-json\/wp\/v2\/posts\/104583\/revisions"}],"predecessor-version":[{"id":104584,"href":"https:\/\/eldiariodesanpedro.com.ar\/sitio\/wp-json\/wp\/v2\/posts\/104583\/revisions\/104584"}],"wp:featuredmedia":[{"embeddable":true,"href":"https:\/\/eldiariodesanpedro.com.ar\/sitio\/wp-json\/wp\/v2\/media\/100119"}],"wp:attachment":[{"href":"https:\/\/eldiariodesanpedro.com.ar\/sitio\/wp-json\/wp\/v2\/media?parent=104583"}],"wp:term":[{"taxonomy":"category","embeddable":true,"href":"https:\/\/eldiariodesanpedro.com.ar\/sitio\/wp-json\/wp\/v2\/categories?post=104583"},{"taxonomy":"post_tag","embeddable":true,"href":"https:\/\/eldiariodesanpedro.com.ar\/sitio\/wp-json\/wp\/v2\/tags?post=104583"}],"curies":[{"name":"wp","href":"https:\/\/api.w.org\/{rel}","templated":true}]}}