{"id":104579,"date":"2022-02-25T17:49:53","date_gmt":"2022-02-25T20:49:53","guid":{"rendered":"https:\/\/eldiariodesanpedro.com.ar\/sitio\/?p=104579"},"modified":"2022-02-25T17:49:54","modified_gmt":"2022-02-25T20:49:54","slug":"proximamente-en-san-pedro-se-dictara-la-carrera-de-biotecnologia","status":"publish","type":"post","link":"https:\/\/eldiariodesanpedro.com.ar\/sitio\/proximamente-en-san-pedro-se-dictara-la-carrera-de-biotecnologia\/","title":{"rendered":"Pr\u00f3ximamente en San Pedro se dictar\u00e1 la carrera de biotecnolog\u00eda\u00a0"},"content":{"rendered":"<!-- VideographyWP Plugin Message: Automatic video embedding prevented by plugin options. -->\n\n<p>El instituto 118 realiza las gestiones correspondientes con la intenci\u00f3n de poder incluir en la oferta educativa, desde el 2023, la carrera de Biotecnolog\u00eda. La iniciativa, que ser\u00e1 presentada como proyecto formal, se da en simult\u00e1neo con el avance del parque agroindustrial en San Pedro, para el que ser\u00e1 necesaria la mano de obra calificada. Se trata de una tecnicatura de tres a\u00f1os, que requiere para la cursada el acreditar el secundario completo. La intenci\u00f3n es articular con universidades para que, terminada la instancia local, quienes egresan puedan completar la licenciatura correspondiente.<\/p>\n\n\n\n<p>El responsable del instituto 118, Carlos Piola, avanzan las gestiones, pensando en el 2023, para contar en la oferta educativa del establecimiento, con la carrera de biotecnolog\u00eda.<\/p>\n\n\n\n<p>\u00abSurge de las consultas que uno hace de manera informal, en distintos c\u00edrculos de di\u00e1logo. Es una disciplina cient\u00edfica de avanzada, que est\u00e1 desde hace a\u00f1os con much\u00edsimo desarrollo, de la que surgen un mont\u00f3n de proyectos productivos en el campo de la salud y de la producci\u00f3n agroalimentaria, nuevos productos agr\u00edcolas, ganaderos, que aumentan la productividad\u00bb, relata el regente del instituto superior de Formaci\u00f3n T\u00e9cnica.<\/p>\n\n\n\n<p>La posibilidad de contar con esta oferta educativa implicar\u00e1 el esfuerzo colectivo local pero depender\u00e1 tambi\u00e9n del acuerdo con las autoridades educativas provinciales. Uno de los puntos a tener en cuenta es la articulaci\u00f3n que podr\u00eda darse entre la oferta educativa y el proyecto de Parque Agroindustrial que impulsa el Municipio local y que ya cuenta con el visto bueno de la gesti\u00f3n de Axel Kicillof.<\/p>\n\n\n\n<p>Respecto a ello, Piola destaca que la biotecnolog\u00eda est\u00e1 atravesada \u00abpor otras disciplinas que la asisten, entre ellas la ingenier\u00eda agron\u00f3mica, la gen\u00e9tica, la biolog\u00eda, la microbiolog\u00eda, un sinn\u00famero de disciplinas que asisten para aportar al desarrollo humano en diferentes campos\u00bb.<\/p>\n\n\n\n<p>Aunque habr\u00e1 que esperar para poder dar cuenta de los avances en las gestiones, las autoridades del instituto superior se mostraron confiados en poder lograr contar con esta nueva oferta educativa, de tres a\u00f1os de duraci\u00f3n, a la que podr\u00e1n inscribirse quienes cuenten con el t\u00edtulo de estudios secundarios finalizados. Adem\u00e1s, la intenci\u00f3n es articular con casas de altos estudios, como la UBA, la posibilidad que, quienes egresan, puedan completar la licenciatura en esos lugares.<\/p>\n\n\n\n<p>Mientras tanto, el instituto 118 contin\u00faa con el dictado de cinco carreras: la de Enfermer\u00eda, cuyo cupo se complet\u00f3 en el pasado mes de diciembre; Administraci\u00f3n contable, que \u00abya lleva varios a\u00f1os en el instituto y que articula con una extensi\u00f3n universitaria de la UTN, en San Andr\u00e9s de Giles, donde se obtiene el t\u00edtulo de Licenciado en Comercializaci\u00f3n\u00bb; Administraci\u00f3n p\u00fablica; Producci\u00f3n de alimentos con orientaci\u00f3n frutihort\u00edcola, \u00ab\u00fanica en la provincia\u00bb; y Gesti\u00f3n de servicios gastron\u00f3micos.<\/p>\n","protected":false},"excerpt":{"rendered":"<p>El instituto 118 realiza las gestiones correspondientes con la intenci\u00f3n de poder incluir en la oferta educativa, desde el 2023, la carrera de Biotecnolog\u00eda. La iniciativa, que ser\u00e1 presentada como proyecto formal, se da en simult\u00e1neo con el avance del parque agroindustrial en San Pedro, para el que ser\u00e1 necesaria la mano de obra calificada. [&hellip;]<\/p>\n","protected":false},"author":4,"featured_media":104580,"comment_status":"closed","ping_status":"closed","sticky":false,"template":"","format":"standard","meta":{"om_disable_all_campaigns":false,"_jetpack_memberships_contains_paid_content":false,"footnotes":""},"categories":[50,101,2],"tags":[197,696,33,19],"class_list":["post-104579","post","type-post","status-publish","format-standard","has-post-thumbnail","hentry","category-destacadas","category-interes-general-locales","category-locales","tag-buenos-aires","tag-interes-general","tag-locales","tag-san-pedro"],"aioseo_notices":[],"gutentor_comment":0,"jetpack_featured_media_url":"https:\/\/eldiariodesanpedro.com.ar\/sitio\/wp-content\/uploads\/2022\/02\/escuela-normal.jpg","jetpack_shortlink":"https:\/\/wp.me\/p6RhLt-rcL","jetpack_sharing_enabled":true,"_links":{"self":[{"href":"https:\/\/eldiariodesanpedro.com.ar\/sitio\/wp-json\/wp\/v2\/posts\/104579","targetHints":{"allow":["GET"]}}],"collection":[{"href":"https:\/\/eldiariodesanpedro.com.ar\/sitio\/wp-json\/wp\/v2\/posts"}],"about":[{"href":"https:\/\/eldiariodesanpedro.com.ar\/sitio\/wp-json\/wp\/v2\/types\/post"}],"author":[{"embeddable":true,"href":"https:\/\/eldiariodesanpedro.com.ar\/sitio\/wp-json\/wp\/v2\/users\/4"}],"replies":[{"embeddable":true,"href":"https:\/\/eldiariodesanpedro.com.ar\/sitio\/wp-json\/wp\/v2\/comments?post=104579"}],"version-history":[{"count":1,"href":"https:\/\/eldiariodesanpedro.com.ar\/sitio\/wp-json\/wp\/v2\/posts\/104579\/revisions"}],"predecessor-version":[{"id":104581,"href":"https:\/\/eldiariodesanpedro.com.ar\/sitio\/wp-json\/wp\/v2\/posts\/104579\/revisions\/104581"}],"wp:featuredmedia":[{"embeddable":true,"href":"https:\/\/eldiariodesanpedro.com.ar\/sitio\/wp-json\/wp\/v2\/media\/104580"}],"wp:attachment":[{"href":"https:\/\/eldiariodesanpedro.com.ar\/sitio\/wp-json\/wp\/v2\/media?parent=104579"}],"wp:term":[{"taxonomy":"category","embeddable":true,"href":"https:\/\/eldiariodesanpedro.com.ar\/sitio\/wp-json\/wp\/v2\/categories?post=104579"},{"taxonomy":"post_tag","embeddable":true,"href":"https:\/\/eldiariodesanpedro.com.ar\/sitio\/wp-json\/wp\/v2\/tags?post=104579"}],"curies":[{"name":"wp","href":"https:\/\/api.w.org\/{rel}","templated":true}]}}