{"id":104571,"date":"2022-02-25T17:32:40","date_gmt":"2022-02-25T20:32:40","guid":{"rendered":"https:\/\/eldiariodesanpedro.com.ar\/sitio\/?p=104571"},"modified":"2022-02-25T17:32:41","modified_gmt":"2022-02-25T20:32:41","slug":"san-pedro-canta-se-reprogramo-para-lunes-y-martes-la-grilla","status":"publish","type":"post","link":"https:\/\/eldiariodesanpedro.com.ar\/sitio\/san-pedro-canta-se-reprogramo-para-lunes-y-martes-la-grilla\/","title":{"rendered":"San Pedro Canta: Se reprogram\u00f3 para lunes y martes la grilla"},"content":{"rendered":"<!-- VideographyWP Plugin Message: Automatic video embedding prevented by plugin options. -->\n\n<p>Se pronostican para este s\u00e1bado y domingo condiciones inestables en cuanto al clima es por ello que desde la organizaci\u00f3n del evento han decidido hacer modificaciones en el esquema original. Finalmente se defini\u00f3 que el festival se desarrollar\u00e1 los d\u00edas lunes y martes, en el marco de este fin de semana XL de carnaval.<\/p>\n\n\n\n<p>Cabe destacar que con el auspicio de la Municipalidad y organizaci\u00f3n del folklorista Keko Gonz\u00e1lez, la fiesta tendr\u00e1 a entre su grilla artistas sampedrinos y de la zona; adem\u00e1s de Los Pampas y Juan Fuentes.<\/p>\n\n\n\n<p>\u00abEste evento es un festival exclusivo de folclore, uno de los pocos que quedan en la Provincia de Buenos Aires. Recalco esto porque la mayor\u00eda de los eventos mezclan diferentes rubros\u00bb, dijo Keko Gonz\u00e1lez el organizador del festival.<\/p>\n\n\n\n<p>\u00abEs importante destacar el gran cierre que tenemos de este festival (el lunes), auspiciado por el municipio y agradezco a Cecilio Salazar y nuestro Intendente Ram\u00f3n que han hecho un esfuerzo grande apoyando este evento, el gran Juan fuentes que es el ex cantante de&nbsp; Los Huayra\u00bb.<\/p>\n\n\n\n<p>\u00abLes recordamos que es poco com\u00fan ver artistas de semejante magnitud con entrada libre y gratuita\u00bb, sostuvo para finalizar.<\/p>\n","protected":false},"excerpt":{"rendered":"<p>Se pronostican para este s\u00e1bado y domingo condiciones inestables en cuanto al clima es por ello que desde la organizaci\u00f3n del evento han decidido hacer modificaciones en el esquema original. Finalmente se defini\u00f3 que el festival se desarrollar\u00e1 los d\u00edas lunes y martes, en el marco de este fin de semana XL de carnaval. Cabe [&hellip;]<\/p>\n","protected":false},"author":4,"featured_media":104574,"comment_status":"closed","ping_status":"closed","sticky":false,"template":"","format":"standard","meta":{"om_disable_all_campaigns":false,"_jetpack_memberships_contains_paid_content":false,"footnotes":""},"categories":[101,2],"tags":[197,696,33,19],"class_list":["post-104571","post","type-post","status-publish","format-standard","has-post-thumbnail","hentry","category-interes-general-locales","category-locales","tag-buenos-aires","tag-interes-general","tag-locales","tag-san-pedro"],"aioseo_notices":[],"gutentor_comment":0,"jetpack_featured_media_url":"https:\/\/eldiariodesanpedro.com.ar\/sitio\/wp-content\/uploads\/2022\/02\/medida-2.png","jetpack_shortlink":"https:\/\/wp.me\/p6RhLt-rcD","jetpack_sharing_enabled":true,"_links":{"self":[{"href":"https:\/\/eldiariodesanpedro.com.ar\/sitio\/wp-json\/wp\/v2\/posts\/104571","targetHints":{"allow":["GET"]}}],"collection":[{"href":"https:\/\/eldiariodesanpedro.com.ar\/sitio\/wp-json\/wp\/v2\/posts"}],"about":[{"href":"https:\/\/eldiariodesanpedro.com.ar\/sitio\/wp-json\/wp\/v2\/types\/post"}],"author":[{"embeddable":true,"href":"https:\/\/eldiariodesanpedro.com.ar\/sitio\/wp-json\/wp\/v2\/users\/4"}],"replies":[{"embeddable":true,"href":"https:\/\/eldiariodesanpedro.com.ar\/sitio\/wp-json\/wp\/v2\/comments?post=104571"}],"version-history":[{"count":1,"href":"https:\/\/eldiariodesanpedro.com.ar\/sitio\/wp-json\/wp\/v2\/posts\/104571\/revisions"}],"predecessor-version":[{"id":104575,"href":"https:\/\/eldiariodesanpedro.com.ar\/sitio\/wp-json\/wp\/v2\/posts\/104571\/revisions\/104575"}],"wp:featuredmedia":[{"embeddable":true,"href":"https:\/\/eldiariodesanpedro.com.ar\/sitio\/wp-json\/wp\/v2\/media\/104574"}],"wp:attachment":[{"href":"https:\/\/eldiariodesanpedro.com.ar\/sitio\/wp-json\/wp\/v2\/media?parent=104571"}],"wp:term":[{"taxonomy":"category","embeddable":true,"href":"https:\/\/eldiariodesanpedro.com.ar\/sitio\/wp-json\/wp\/v2\/categories?post=104571"},{"taxonomy":"post_tag","embeddable":true,"href":"https:\/\/eldiariodesanpedro.com.ar\/sitio\/wp-json\/wp\/v2\/tags?post=104571"}],"curies":[{"name":"wp","href":"https:\/\/api.w.org\/{rel}","templated":true}]}}