{"id":104539,"date":"2022-02-25T13:32:00","date_gmt":"2022-02-25T16:32:00","guid":{"rendered":"https:\/\/eldiariodesanpedro.com.ar\/sitio\/?p=104539"},"modified":"2022-02-25T13:32:01","modified_gmt":"2022-02-25T16:32:01","slug":"se-recuperaron-elementos-robados-en-una-vivienda","status":"publish","type":"post","link":"https:\/\/eldiariodesanpedro.com.ar\/sitio\/se-recuperaron-elementos-robados-en-una-vivienda\/","title":{"rendered":"Se recuperaron elementos robados en una vivienda"},"content":{"rendered":"<!-- VideographyWP Plugin Message: Automatic video embedding prevented by plugin options. -->\n\n<p>En la jornada siendo las 22:30 horas, el personal policial tras ser alertado acude a calle Ruffa y Benefactora Sampedrina, donde procede al secuestro de un tel\u00e9fono celular, un equipo de m\u00fasica de color negro, un par de zapatillas, elementos sustra\u00eddos instantes previo del interior domicilio sin violencia calle Javier Rivero Nro. 1900 en ausencia de moradores, propiedad de femenina de 23 a\u00f1os de edad, que radic\u00f3 la denuncia y recuper\u00f3 sus bienes, se investiga y se procura al autor del hecho .&nbsp;<\/p>\n\n\n\n<p>Interviene UFI 07 local hecho de tentativa de hurto.-<\/p>\n","protected":false},"excerpt":{"rendered":"<p>En la jornada siendo las 22:30 horas, el personal policial tras ser alertado acude a calle Ruffa y Benefactora Sampedrina, donde procede al secuestro de un tel\u00e9fono celular, un equipo de m\u00fasica de color negro, un par de zapatillas, elementos sustra\u00eddos instantes previo del interior domicilio sin violencia calle Javier Rivero Nro. 1900 en ausencia [&hellip;]<\/p>\n","protected":false},"author":4,"featured_media":104540,"comment_status":"closed","ping_status":"closed","sticky":false,"template":"","format":"standard","meta":{"om_disable_all_campaigns":false,"_jetpack_memberships_contains_paid_content":false,"footnotes":""},"categories":[2,103],"tags":[197,33,95,19],"class_list":["post-104539","post","type-post","status-publish","format-standard","has-post-thumbnail","hentry","category-locales","category-policiales-locales","tag-buenos-aires","tag-locales","tag-policiales","tag-san-pedro"],"aioseo_notices":[],"gutentor_comment":0,"jetpack_featured_media_url":"https:\/\/eldiariodesanpedro.com.ar\/sitio\/wp-content\/uploads\/2022\/02\/WhatsApp-Image-2022-02-25-at-11.24.06.jpeg","jetpack_shortlink":"https:\/\/wp.me\/p6RhLt-rc7","jetpack_sharing_enabled":true,"_links":{"self":[{"href":"https:\/\/eldiariodesanpedro.com.ar\/sitio\/wp-json\/wp\/v2\/posts\/104539","targetHints":{"allow":["GET"]}}],"collection":[{"href":"https:\/\/eldiariodesanpedro.com.ar\/sitio\/wp-json\/wp\/v2\/posts"}],"about":[{"href":"https:\/\/eldiariodesanpedro.com.ar\/sitio\/wp-json\/wp\/v2\/types\/post"}],"author":[{"embeddable":true,"href":"https:\/\/eldiariodesanpedro.com.ar\/sitio\/wp-json\/wp\/v2\/users\/4"}],"replies":[{"embeddable":true,"href":"https:\/\/eldiariodesanpedro.com.ar\/sitio\/wp-json\/wp\/v2\/comments?post=104539"}],"version-history":[{"count":1,"href":"https:\/\/eldiariodesanpedro.com.ar\/sitio\/wp-json\/wp\/v2\/posts\/104539\/revisions"}],"predecessor-version":[{"id":104541,"href":"https:\/\/eldiariodesanpedro.com.ar\/sitio\/wp-json\/wp\/v2\/posts\/104539\/revisions\/104541"}],"wp:featuredmedia":[{"embeddable":true,"href":"https:\/\/eldiariodesanpedro.com.ar\/sitio\/wp-json\/wp\/v2\/media\/104540"}],"wp:attachment":[{"href":"https:\/\/eldiariodesanpedro.com.ar\/sitio\/wp-json\/wp\/v2\/media?parent=104539"}],"wp:term":[{"taxonomy":"category","embeddable":true,"href":"https:\/\/eldiariodesanpedro.com.ar\/sitio\/wp-json\/wp\/v2\/categories?post=104539"},{"taxonomy":"post_tag","embeddable":true,"href":"https:\/\/eldiariodesanpedro.com.ar\/sitio\/wp-json\/wp\/v2\/tags?post=104539"}],"curies":[{"name":"wp","href":"https:\/\/api.w.org\/{rel}","templated":true}]}}