{"id":104535,"date":"2022-02-25T13:13:27","date_gmt":"2022-02-25T16:13:27","guid":{"rendered":"https:\/\/eldiariodesanpedro.com.ar\/sitio\/?p=104535"},"modified":"2022-02-25T13:13:28","modified_gmt":"2022-02-25T16:13:28","slug":"un-ciclista-herido-en-una-colision-en-zona-centrica","status":"publish","type":"post","link":"https:\/\/eldiariodesanpedro.com.ar\/sitio\/un-ciclista-herido-en-una-colision-en-zona-centrica\/","title":{"rendered":"Un ciclista herido en una colisi\u00f3n en zona centrica"},"content":{"rendered":"<!-- VideographyWP Plugin Message: Automatic video embedding prevented by plugin options. -->\n\n<p>Este jueves alrededor de las 18 hs el personal policial alertado por un llamado al 911 acude a Belgrano y General Pueyrred\u00f3n, donde por razones que se tratan de establecer habr\u00eda colisionado un autom\u00f3vil conducido por mujer de 37 a\u00f1os y una bicicleta conducida por masculino de 55 a\u00f1os de edad.&nbsp;<\/p>\n\n\n\n<p>Como consecuencia del impacto masculino es trasladado al Hospital San Pedro, m\u00e9dico constata que posee trauma miembro superior.&nbsp;<\/p>\n","protected":false},"excerpt":{"rendered":"<p>Este jueves alrededor de las 18 hs el personal policial alertado por un llamado al 911 acude a Belgrano y General Pueyrred\u00f3n, donde por razones que se tratan de establecer habr\u00eda colisionado un autom\u00f3vil conducido por mujer de 37 a\u00f1os y una bicicleta conducida por masculino de 55 a\u00f1os de edad.&nbsp; Como consecuencia del impacto [&hellip;]<\/p>\n","protected":false},"author":4,"featured_media":104536,"comment_status":"closed","ping_status":"closed","sticky":false,"template":"","format":"standard","meta":{"om_disable_all_campaigns":false,"_jetpack_memberships_contains_paid_content":false,"footnotes":""},"categories":[2,103],"tags":[197,33,95,19],"class_list":["post-104535","post","type-post","status-publish","format-standard","has-post-thumbnail","hentry","category-locales","category-policiales-locales","tag-buenos-aires","tag-locales","tag-policiales","tag-san-pedro"],"aioseo_notices":[],"gutentor_comment":0,"jetpack_featured_media_url":"https:\/\/eldiariodesanpedro.com.ar\/sitio\/wp-content\/uploads\/2022\/02\/Acci-Banegas-741x486-1.jpg","jetpack_shortlink":"https:\/\/wp.me\/p6RhLt-rc3","jetpack_sharing_enabled":true,"_links":{"self":[{"href":"https:\/\/eldiariodesanpedro.com.ar\/sitio\/wp-json\/wp\/v2\/posts\/104535","targetHints":{"allow":["GET"]}}],"collection":[{"href":"https:\/\/eldiariodesanpedro.com.ar\/sitio\/wp-json\/wp\/v2\/posts"}],"about":[{"href":"https:\/\/eldiariodesanpedro.com.ar\/sitio\/wp-json\/wp\/v2\/types\/post"}],"author":[{"embeddable":true,"href":"https:\/\/eldiariodesanpedro.com.ar\/sitio\/wp-json\/wp\/v2\/users\/4"}],"replies":[{"embeddable":true,"href":"https:\/\/eldiariodesanpedro.com.ar\/sitio\/wp-json\/wp\/v2\/comments?post=104535"}],"version-history":[{"count":1,"href":"https:\/\/eldiariodesanpedro.com.ar\/sitio\/wp-json\/wp\/v2\/posts\/104535\/revisions"}],"predecessor-version":[{"id":104537,"href":"https:\/\/eldiariodesanpedro.com.ar\/sitio\/wp-json\/wp\/v2\/posts\/104535\/revisions\/104537"}],"wp:featuredmedia":[{"embeddable":true,"href":"https:\/\/eldiariodesanpedro.com.ar\/sitio\/wp-json\/wp\/v2\/media\/104536"}],"wp:attachment":[{"href":"https:\/\/eldiariodesanpedro.com.ar\/sitio\/wp-json\/wp\/v2\/media?parent=104535"}],"wp:term":[{"taxonomy":"category","embeddable":true,"href":"https:\/\/eldiariodesanpedro.com.ar\/sitio\/wp-json\/wp\/v2\/categories?post=104535"},{"taxonomy":"post_tag","embeddable":true,"href":"https:\/\/eldiariodesanpedro.com.ar\/sitio\/wp-json\/wp\/v2\/tags?post=104535"}],"curies":[{"name":"wp","href":"https:\/\/api.w.org\/{rel}","templated":true}]}}