{"id":104529,"date":"2022-02-25T12:42:46","date_gmt":"2022-02-25T15:42:46","guid":{"rendered":"https:\/\/eldiariodesanpedro.com.ar\/sitio\/?p=104529"},"modified":"2022-02-25T12:42:46","modified_gmt":"2022-02-25T15:42:46","slug":"ciudadano-aprehendido-por-ocasionar-disturbios-en-la-via-publica","status":"publish","type":"post","link":"https:\/\/eldiariodesanpedro.com.ar\/sitio\/ciudadano-aprehendido-por-ocasionar-disturbios-en-la-via-publica\/","title":{"rendered":"Ciudadano aprehendido por ocasionar disturbios en la v\u00eda p\u00fablica"},"content":{"rendered":"<!-- VideographyWP Plugin Message: Automatic video embedding prevented by plugin options. -->\n\n<p>Este jueves siendo las 13 horas, el personal policial tras ser alertado por un llamado al 911 acude a calle Pellegrini al 100 de nuestra ciudad, donde aprehende a un ciudadano de 33 a\u00f1os de edad quien se encontraba ocasionando disturbios en v\u00eda p\u00fablica alterando el orden.&nbsp;<\/p>\n\n\n\n<p>Interviene el juzgado de paz letrado San Pedro por infracci\u00f3n al c\u00f3digo de faltas ley 8031.&nbsp;<\/p>\n","protected":false},"excerpt":{"rendered":"<p>Este jueves siendo las 13 horas, el personal policial tras ser alertado por un llamado al 911 acude a calle Pellegrini al 100 de nuestra ciudad, donde aprehende a un ciudadano de 33 a\u00f1os de edad quien se encontraba ocasionando disturbios en v\u00eda p\u00fablica alterando el orden.&nbsp; Interviene el juzgado de paz letrado San Pedro [&hellip;]<\/p>\n","protected":false},"author":4,"featured_media":104530,"comment_status":"closed","ping_status":"closed","sticky":false,"template":"","format":"standard","meta":{"om_disable_all_campaigns":false,"_jetpack_memberships_contains_paid_content":false,"footnotes":""},"categories":[2,103],"tags":[197,33,95,19],"class_list":["post-104529","post","type-post","status-publish","format-standard","has-post-thumbnail","hentry","category-locales","category-policiales-locales","tag-buenos-aires","tag-locales","tag-policiales","tag-san-pedro"],"aioseo_notices":[],"gutentor_comment":0,"jetpack_featured_media_url":"https:\/\/eldiariodesanpedro.com.ar\/sitio\/wp-content\/uploads\/2022\/02\/WhatsApp-Image-2022-02-25-at-11.22.45.jpeg","jetpack_shortlink":"https:\/\/wp.me\/p6RhLt-rbX","jetpack_sharing_enabled":true,"_links":{"self":[{"href":"https:\/\/eldiariodesanpedro.com.ar\/sitio\/wp-json\/wp\/v2\/posts\/104529","targetHints":{"allow":["GET"]}}],"collection":[{"href":"https:\/\/eldiariodesanpedro.com.ar\/sitio\/wp-json\/wp\/v2\/posts"}],"about":[{"href":"https:\/\/eldiariodesanpedro.com.ar\/sitio\/wp-json\/wp\/v2\/types\/post"}],"author":[{"embeddable":true,"href":"https:\/\/eldiariodesanpedro.com.ar\/sitio\/wp-json\/wp\/v2\/users\/4"}],"replies":[{"embeddable":true,"href":"https:\/\/eldiariodesanpedro.com.ar\/sitio\/wp-json\/wp\/v2\/comments?post=104529"}],"version-history":[{"count":1,"href":"https:\/\/eldiariodesanpedro.com.ar\/sitio\/wp-json\/wp\/v2\/posts\/104529\/revisions"}],"predecessor-version":[{"id":104531,"href":"https:\/\/eldiariodesanpedro.com.ar\/sitio\/wp-json\/wp\/v2\/posts\/104529\/revisions\/104531"}],"wp:featuredmedia":[{"embeddable":true,"href":"https:\/\/eldiariodesanpedro.com.ar\/sitio\/wp-json\/wp\/v2\/media\/104530"}],"wp:attachment":[{"href":"https:\/\/eldiariodesanpedro.com.ar\/sitio\/wp-json\/wp\/v2\/media?parent=104529"}],"wp:term":[{"taxonomy":"category","embeddable":true,"href":"https:\/\/eldiariodesanpedro.com.ar\/sitio\/wp-json\/wp\/v2\/categories?post=104529"},{"taxonomy":"post_tag","embeddable":true,"href":"https:\/\/eldiariodesanpedro.com.ar\/sitio\/wp-json\/wp\/v2\/tags?post=104529"}],"curies":[{"name":"wp","href":"https:\/\/api.w.org\/{rel}","templated":true}]}}