{"id":104526,"date":"2022-02-25T12:24:35","date_gmt":"2022-02-25T15:24:35","guid":{"rendered":"https:\/\/eldiariodesanpedro.com.ar\/sitio\/?p=104526"},"modified":"2022-02-25T12:24:36","modified_gmt":"2022-02-25T15:24:36","slug":"recuperan-un-cano-de-pvc-robado-en-un-obra-del-barrio-futuro","status":"publish","type":"post","link":"https:\/\/eldiariodesanpedro.com.ar\/sitio\/recuperan-un-cano-de-pvc-robado-en-un-obra-del-barrio-futuro\/","title":{"rendered":"Recuperan un ca\u00f1o de pvc robado en un obra del barrio Futuro"},"content":{"rendered":"<!-- VideographyWP Plugin Message: Automatic video embedding prevented by plugin options. -->\n\n<p>Este jueve siendo las 09 horas, el personal policial de la comisar\u00eda local se hace presente en calle San Mart\u00edn S\/N, detr\u00e1s del Cementerio Municipal, donde logr\u00f3 el secuestr\u00f3 de un ca\u00f1o de PVC para cloacas de 6 metros largo, sustra\u00eddo instantes antes de obra calle 72 y Avenida 3 de Febrero.\u00a0<\/p>\n\n\n\n<p>Se radic\u00f3 la correspondiente denuncia por parte del\u00a0 encargado de obra masculino de 36 a\u00f1os de edad. Interviene UFI 07 San Pedro.<\/p>\n","protected":false},"excerpt":{"rendered":"<p>Este jueve siendo las 09 horas, el personal policial de la comisar\u00eda local se hace presente en calle San Mart\u00edn S\/N, detr\u00e1s del Cementerio Municipal, donde logr\u00f3 el secuestr\u00f3 de un ca\u00f1o de PVC para cloacas de 6 metros largo, sustra\u00eddo instantes antes de obra calle 72 y Avenida 3 de Febrero.\u00a0 Se radic\u00f3 la [&hellip;]<\/p>\n","protected":false},"author":4,"featured_media":104527,"comment_status":"closed","ping_status":"closed","sticky":false,"template":"","format":"standard","meta":{"om_disable_all_campaigns":false,"_jetpack_memberships_contains_paid_content":false,"footnotes":""},"categories":[101,2],"tags":[197,696,33,19],"class_list":["post-104526","post","type-post","status-publish","format-standard","has-post-thumbnail","hentry","category-interes-general-locales","category-locales","tag-buenos-aires","tag-interes-general","tag-locales","tag-san-pedro"],"aioseo_notices":[],"gutentor_comment":0,"jetpack_featured_media_url":"https:\/\/eldiariodesanpedro.com.ar\/sitio\/wp-content\/uploads\/2022\/02\/WhatsApp-Image-2022-02-25-at-11.23.41.jpeg","jetpack_shortlink":"https:\/\/wp.me\/p6RhLt-rbU","jetpack_sharing_enabled":true,"_links":{"self":[{"href":"https:\/\/eldiariodesanpedro.com.ar\/sitio\/wp-json\/wp\/v2\/posts\/104526","targetHints":{"allow":["GET"]}}],"collection":[{"href":"https:\/\/eldiariodesanpedro.com.ar\/sitio\/wp-json\/wp\/v2\/posts"}],"about":[{"href":"https:\/\/eldiariodesanpedro.com.ar\/sitio\/wp-json\/wp\/v2\/types\/post"}],"author":[{"embeddable":true,"href":"https:\/\/eldiariodesanpedro.com.ar\/sitio\/wp-json\/wp\/v2\/users\/4"}],"replies":[{"embeddable":true,"href":"https:\/\/eldiariodesanpedro.com.ar\/sitio\/wp-json\/wp\/v2\/comments?post=104526"}],"version-history":[{"count":1,"href":"https:\/\/eldiariodesanpedro.com.ar\/sitio\/wp-json\/wp\/v2\/posts\/104526\/revisions"}],"predecessor-version":[{"id":104528,"href":"https:\/\/eldiariodesanpedro.com.ar\/sitio\/wp-json\/wp\/v2\/posts\/104526\/revisions\/104528"}],"wp:featuredmedia":[{"embeddable":true,"href":"https:\/\/eldiariodesanpedro.com.ar\/sitio\/wp-json\/wp\/v2\/media\/104527"}],"wp:attachment":[{"href":"https:\/\/eldiariodesanpedro.com.ar\/sitio\/wp-json\/wp\/v2\/media?parent=104526"}],"wp:term":[{"taxonomy":"category","embeddable":true,"href":"https:\/\/eldiariodesanpedro.com.ar\/sitio\/wp-json\/wp\/v2\/categories?post=104526"},{"taxonomy":"post_tag","embeddable":true,"href":"https:\/\/eldiariodesanpedro.com.ar\/sitio\/wp-json\/wp\/v2\/tags?post=104526"}],"curies":[{"name":"wp","href":"https:\/\/api.w.org\/{rel}","templated":true}]}}