{"id":104524,"date":"2022-02-25T12:15:12","date_gmt":"2022-02-25T15:15:12","guid":{"rendered":"https:\/\/eldiariodesanpedro.com.ar\/sitio\/?p=104524"},"modified":"2022-02-25T12:15:13","modified_gmt":"2022-02-25T15:15:13","slug":"anses-quienes-cobran-hoy-25-de-febrero-jubilaciones-pensiones-y-desempleo","status":"publish","type":"post","link":"https:\/\/eldiariodesanpedro.com.ar\/sitio\/anses-quienes-cobran-hoy-25-de-febrero-jubilaciones-pensiones-y-desempleo\/","title":{"rendered":"ANSES: qui\u00e9nes cobran hoy, 25 de febrero, Jubilaciones, pensiones y desempleo"},"content":{"rendered":"<!-- VideographyWP Plugin Message: Automatic video embedding prevented by plugin options. -->\n\n<p><strong>ANSES informa que hoy se abonan jubilaciones, pensiones, Prestaci\u00f3n por Desempleo y los programas Progresar y Repro II.<\/strong><\/p>\n\n\n\n<p><strong>Jubilaciones&nbsp;y&nbsp;pensiones&nbsp;<\/strong><\/p>\n\n\n\n<p>Las sucursales bancarias habilitadas atender\u00e1n por ventanilla a jubilados, jubiladas, pensionados y pensionadas con documentos terminados en&nbsp;<strong>8&nbsp;<\/strong>y<strong>&nbsp;9&nbsp;<\/strong>cuyoshaberesSUPERENla suma de 32.664 pesos.<\/p>\n\n\n\n<p><strong>Prestaci\u00f3n por&nbsp;Desempleo<\/strong><\/p>\n\n\n\n<p>Hoy perciben la Prestaci\u00f3n por Desempleo las personas con documentos finalizados en&nbsp;<strong>8<\/strong>&nbsp;y&nbsp;<strong>9<\/strong>.<\/p>\n\n\n\n<p><strong>Becas Progresar<\/strong><\/p>\n\n\n\n<p>ANSES y el Ministerio de Educaci\u00f3n de la Naci\u00f3n garantizan que todas y todos los j\u00f3venes del pa\u00eds est\u00e9n en la escuela y puedan terminar sus estudios. En ese marco, hasta hoy se lleva adelante el primer pago de las becas para las y los chicos de 16 y 17 a\u00f1os. M\u00e1s informaci\u00f3n sobre la fecha y lugar de cobro en&nbsp;<a href=\"http:\/\/www.anses.gob.ar\/cobro\" target=\"_blank\" rel=\"noreferrer noopener\">www.anses.gob.ar\/cobro<\/a>.<\/p>\n\n\n\n<p><strong>Programa Repro II<\/strong><strong><\/strong><\/p>\n\n\n\n<p><strong>Hoy se abona el pago a las y los beneficiarios del Programa de Recuperaci\u00f3n Productiva II (REPRO II) de la AFIP<\/strong>, para dar alivio econ\u00f3mico a las compa\u00f1\u00edas y al personal afectado por la ca\u00edda de la actividad debido al Covid-19.<\/p>\n","protected":false},"excerpt":{"rendered":"<p>ANSES informa que hoy se abonan jubilaciones, pensiones, Prestaci\u00f3n por Desempleo y los programas Progresar y Repro II. Jubilaciones&nbsp;y&nbsp;pensiones&nbsp; Las sucursales bancarias habilitadas atender\u00e1n por ventanilla a jubilados, jubiladas, pensionados y pensionadas con documentos terminados en&nbsp;8&nbsp;y&nbsp;9&nbsp;cuyoshaberesSUPERENla suma de 32.664 pesos. Prestaci\u00f3n por&nbsp;Desempleo Hoy perciben la Prestaci\u00f3n por Desempleo las personas con documentos finalizados en&nbsp;8&nbsp;y&nbsp;9. Becas [&hellip;]<\/p>\n","protected":false},"author":4,"featured_media":87491,"comment_status":"closed","ping_status":"closed","sticky":false,"template":"","format":"standard","meta":{"om_disable_all_campaigns":false,"_jetpack_memberships_contains_paid_content":false,"footnotes":""},"categories":[101,2],"tags":[197,696,33,19],"class_list":["post-104524","post","type-post","status-publish","format-standard","has-post-thumbnail","hentry","category-interes-general-locales","category-locales","tag-buenos-aires","tag-interes-general","tag-locales","tag-san-pedro"],"aioseo_notices":[],"gutentor_comment":0,"jetpack_featured_media_url":"https:\/\/eldiariodesanpedro.com.ar\/sitio\/wp-content\/uploads\/2021\/02\/anses-4.jpg","jetpack_shortlink":"https:\/\/wp.me\/p6RhLt-rbS","jetpack_sharing_enabled":true,"_links":{"self":[{"href":"https:\/\/eldiariodesanpedro.com.ar\/sitio\/wp-json\/wp\/v2\/posts\/104524","targetHints":{"allow":["GET"]}}],"collection":[{"href":"https:\/\/eldiariodesanpedro.com.ar\/sitio\/wp-json\/wp\/v2\/posts"}],"about":[{"href":"https:\/\/eldiariodesanpedro.com.ar\/sitio\/wp-json\/wp\/v2\/types\/post"}],"author":[{"embeddable":true,"href":"https:\/\/eldiariodesanpedro.com.ar\/sitio\/wp-json\/wp\/v2\/users\/4"}],"replies":[{"embeddable":true,"href":"https:\/\/eldiariodesanpedro.com.ar\/sitio\/wp-json\/wp\/v2\/comments?post=104524"}],"version-history":[{"count":1,"href":"https:\/\/eldiariodesanpedro.com.ar\/sitio\/wp-json\/wp\/v2\/posts\/104524\/revisions"}],"predecessor-version":[{"id":104525,"href":"https:\/\/eldiariodesanpedro.com.ar\/sitio\/wp-json\/wp\/v2\/posts\/104524\/revisions\/104525"}],"wp:featuredmedia":[{"embeddable":true,"href":"https:\/\/eldiariodesanpedro.com.ar\/sitio\/wp-json\/wp\/v2\/media\/87491"}],"wp:attachment":[{"href":"https:\/\/eldiariodesanpedro.com.ar\/sitio\/wp-json\/wp\/v2\/media?parent=104524"}],"wp:term":[{"taxonomy":"category","embeddable":true,"href":"https:\/\/eldiariodesanpedro.com.ar\/sitio\/wp-json\/wp\/v2\/categories?post=104524"},{"taxonomy":"post_tag","embeddable":true,"href":"https:\/\/eldiariodesanpedro.com.ar\/sitio\/wp-json\/wp\/v2\/tags?post=104524"}],"curies":[{"name":"wp","href":"https:\/\/api.w.org\/{rel}","templated":true}]}}