{"id":104519,"date":"2022-02-24T21:32:35","date_gmt":"2022-02-25T00:32:35","guid":{"rendered":"https:\/\/eldiariodesanpedro.com.ar\/sitio\/?p=104519"},"modified":"2022-02-24T21:38:48","modified_gmt":"2022-02-25T00:38:48","slug":"edicto-de-sucesion-de-castro-carlos-raul-c-poppa-de-van-de-wegze-ramona-s-usucapion","status":"publish","type":"post","link":"https:\/\/eldiariodesanpedro.com.ar\/sitio\/edicto-de-sucesion-de-castro-carlos-raul-c-poppa-de-van-de-wegze-ramona-s-usucapion\/","title":{"rendered":"Edicto de Castro Carlos Raul C\/ Poppa De Van De Wegze Ramona S\/ Usucapi\u00f3n"},"content":{"rendered":"<!-- VideographyWP Plugin Message: Automatic video embedding prevented by plugin options. -->\n\n<p>El Dr. JOSE IGNACIO MACCHIA, Juez de Paz Letrado de San Pedro, en autos <strong>\u201cCASTRO CARLOS RAUL C\/ POPPA DE VAN DE WEGZE RAMONA S\/ USUCAPION\u201d<\/strong> (Expte. N\u00ba SUM-61-21), que tramita por ante el Juzgado de Paz Letrado de San Pedro, sito en la calle Manuel Belgrano n\u00ba 1405, Secretar\u00eda \u00danica a cargo del Dr. Facundo Vell\u00f3n, cita a do\u00f1a <strong>RAMONA POPPA de VAN DE WEGZE<\/strong> y\/o sus herederos y\/o quienes se consideren con derechos al inmueble que se intenta prescribir sito en la calle Libertad n\u00ba 945 de San Pedro, cuyos datos, seg\u00fan plano n\u00ba 99-30-2015, son: NOMENCLATURA CATASTRAL: Circ-I, Secc-F, Manz-441, Parc-1C (de origen parcela 1A), PARTIDA INMOBILIARIA: 099-4289, DOMINIO: Folio n\u00ba 233 a\u00f1o 1926 del Registro del Ptdo. de San Pedro, para que dentro del plazo de diez (10) d\u00edas comparezcan a estos autos a estar a derecho, bajo apercibimiento de que si no lo hicieren, se nombrar\u00e1 Defensor Oficial para que los represente (arts. 681 y 682 CPCC).- SAN PEDRO, 14 de FEBRERO de 2022\u201d.-<\/p>\n\n\n\n<p>FACUNDO VELL\u00d3N<br>ABOGADO SECRETARIO<\/p>\n\n\n\n<p>(Publicaci\u00f3n v\u00e1lida los d\u00edas 24 y 25 de febrero de 2022)<br><a href=\"https:\/\/notificaciones.scba.gov.ar\/verificarnotificacion.aspx?codNotif=7x5pa5\">https:\/\/notificaciones.scba.gov.ar\/verificarnotificacion.aspx?codNotif=7x5pa5<\/a><\/p>\n","protected":false},"excerpt":{"rendered":"<p>El Dr. JOSE IGNACIO MACCHIA, Juez de Paz Letrado de San Pedro, en autos \u201cCASTRO CARLOS RAUL C\/ POPPA DE VAN DE WEGZE RAMONA S\/ USUCAPION\u201d (Expte. N\u00ba SUM-61-21), que tramita por ante el Juzgado de Paz Letrado de San Pedro, sito en la calle Manuel Belgrano n\u00ba 1405, Secretar\u00eda \u00danica a cargo del Dr. [&hellip;]<\/p>\n","protected":false},"author":4,"featured_media":102746,"comment_status":"closed","ping_status":"closed","sticky":false,"template":"","format":"standard","meta":{"om_disable_all_campaigns":false,"_jetpack_memberships_contains_paid_content":false,"footnotes":""},"categories":[676,677],"tags":[197,1121,1355,19,1122],"class_list":["post-104519","post","type-post","status-publish","format-standard","has-post-thumbnail","hentry","category-edictos","category-edictos-sucesorios","tag-buenos-aires","tag-edicto","tag-judiciales","tag-san-pedro","tag-sucesion"],"aioseo_notices":[],"gutentor_comment":0,"jetpack_featured_media_url":"https:\/\/eldiariodesanpedro.com.ar\/sitio\/wp-content\/uploads\/2022\/01\/EDICTO.jpg","jetpack_shortlink":"https:\/\/wp.me\/p6RhLt-rbN","jetpack_sharing_enabled":true,"_links":{"self":[{"href":"https:\/\/eldiariodesanpedro.com.ar\/sitio\/wp-json\/wp\/v2\/posts\/104519","targetHints":{"allow":["GET"]}}],"collection":[{"href":"https:\/\/eldiariodesanpedro.com.ar\/sitio\/wp-json\/wp\/v2\/posts"}],"about":[{"href":"https:\/\/eldiariodesanpedro.com.ar\/sitio\/wp-json\/wp\/v2\/types\/post"}],"author":[{"embeddable":true,"href":"https:\/\/eldiariodesanpedro.com.ar\/sitio\/wp-json\/wp\/v2\/users\/4"}],"replies":[{"embeddable":true,"href":"https:\/\/eldiariodesanpedro.com.ar\/sitio\/wp-json\/wp\/v2\/comments?post=104519"}],"version-history":[{"count":2,"href":"https:\/\/eldiariodesanpedro.com.ar\/sitio\/wp-json\/wp\/v2\/posts\/104519\/revisions"}],"predecessor-version":[{"id":104521,"href":"https:\/\/eldiariodesanpedro.com.ar\/sitio\/wp-json\/wp\/v2\/posts\/104519\/revisions\/104521"}],"wp:featuredmedia":[{"embeddable":true,"href":"https:\/\/eldiariodesanpedro.com.ar\/sitio\/wp-json\/wp\/v2\/media\/102746"}],"wp:attachment":[{"href":"https:\/\/eldiariodesanpedro.com.ar\/sitio\/wp-json\/wp\/v2\/media?parent=104519"}],"wp:term":[{"taxonomy":"category","embeddable":true,"href":"https:\/\/eldiariodesanpedro.com.ar\/sitio\/wp-json\/wp\/v2\/categories?post=104519"},{"taxonomy":"post_tag","embeddable":true,"href":"https:\/\/eldiariodesanpedro.com.ar\/sitio\/wp-json\/wp\/v2\/tags?post=104519"}],"curies":[{"name":"wp","href":"https:\/\/api.w.org\/{rel}","templated":true}]}}