{"id":104514,"date":"2022-02-24T20:30:11","date_gmt":"2022-02-24T23:30:11","guid":{"rendered":"https:\/\/eldiariodesanpedro.com.ar\/sitio\/?p=104514"},"modified":"2022-02-24T20:30:12","modified_gmt":"2022-02-24T23:30:12","slug":"cerramiento-para-aula-en-sector-de-galeria-enep-no-44-es-no-16-y-reparacion-de-playon-y-veredas-perimetrales-en-ep-no-39-ji-no-916","status":"publish","type":"post","link":"https:\/\/eldiariodesanpedro.com.ar\/sitio\/cerramiento-para-aula-en-sector-de-galeria-enep-no-44-es-no-16-y-reparacion-de-playon-y-veredas-perimetrales-en-ep-no-39-ji-no-916\/","title":{"rendered":"Cerramiento para aula en sector de galer\u00eda enEP N\u00ba 44 \/ ES N\u00ba 16 y reparaci\u00f3n de play\u00f3n y veredas perimetrales en EP N\u00ba 39 \/ JI N\u00ba 916"},"content":{"rendered":"<!-- VideographyWP Plugin Message: Automatic video embedding prevented by plugin options. -->\n\n<p>Consejo Escolar informa que desde el 2 al 8 de marzo de 2022 estar\u00e1n a disposici\u00f3n los pliegos para las siguientes obras:<br>&#8211; Cerramiento para aula en sector de galer\u00eda en EP N\u00ba 44 \/ ES N\u00ba 16. Presupuesto oficial $ 383.903,71 &#8211; Plazo de obra 30 d\u00edas.<br>&#8211; Reparaci\u00f3n de play\u00f3n y veredas perimetrales en EP N\u00ba 39 \/ JI N\u00ba 916. Presupuesto oficial $ 404.212,58 &#8211; Plazo de obra 30 d\u00edas.<\/p>\n\n\n\n<p>Apertura de ofertas el 10 de marzo de 2022 a las 10 hs. Las consultas se har\u00e1n en la Sede del Consejo Escolar (Ayacucho e Ituzaing\u00f3) de 9 a 12 hs.<\/p>\n","protected":false},"excerpt":{"rendered":"<p>Consejo Escolar informa que desde el 2 al 8 de marzo de 2022 estar\u00e1n a disposici\u00f3n los pliegos para las siguientes obras:&#8211; Cerramiento para aula en sector de galer\u00eda en EP N\u00ba 44 \/ ES N\u00ba 16. Presupuesto oficial $ 383.903,71 &#8211; Plazo de obra 30 d\u00edas.&#8211; Reparaci\u00f3n de play\u00f3n y veredas perimetrales en EP [&hellip;]<\/p>\n","protected":false},"author":4,"featured_media":104515,"comment_status":"closed","ping_status":"closed","sticky":false,"template":"","format":"standard","meta":{"om_disable_all_campaigns":false,"_jetpack_memberships_contains_paid_content":false,"footnotes":""},"categories":[815,676],"tags":[197,1121,33,19],"class_list":["post-104514","post","type-post","status-publish","format-standard","has-post-thumbnail","hentry","category-consejo-escolar","category-edictos","tag-buenos-aires","tag-edicto","tag-locales","tag-san-pedro"],"aioseo_notices":[],"gutentor_comment":0,"jetpack_featured_media_url":"https:\/\/eldiariodesanpedro.com.ar\/sitio\/wp-content\/uploads\/2022\/02\/Concejo-escolar-24-02-2022-1.jpg","jetpack_shortlink":"https:\/\/wp.me\/p6RhLt-rbI","jetpack_sharing_enabled":true,"_links":{"self":[{"href":"https:\/\/eldiariodesanpedro.com.ar\/sitio\/wp-json\/wp\/v2\/posts\/104514","targetHints":{"allow":["GET"]}}],"collection":[{"href":"https:\/\/eldiariodesanpedro.com.ar\/sitio\/wp-json\/wp\/v2\/posts"}],"about":[{"href":"https:\/\/eldiariodesanpedro.com.ar\/sitio\/wp-json\/wp\/v2\/types\/post"}],"author":[{"embeddable":true,"href":"https:\/\/eldiariodesanpedro.com.ar\/sitio\/wp-json\/wp\/v2\/users\/4"}],"replies":[{"embeddable":true,"href":"https:\/\/eldiariodesanpedro.com.ar\/sitio\/wp-json\/wp\/v2\/comments?post=104514"}],"version-history":[{"count":1,"href":"https:\/\/eldiariodesanpedro.com.ar\/sitio\/wp-json\/wp\/v2\/posts\/104514\/revisions"}],"predecessor-version":[{"id":104516,"href":"https:\/\/eldiariodesanpedro.com.ar\/sitio\/wp-json\/wp\/v2\/posts\/104514\/revisions\/104516"}],"wp:featuredmedia":[{"embeddable":true,"href":"https:\/\/eldiariodesanpedro.com.ar\/sitio\/wp-json\/wp\/v2\/media\/104515"}],"wp:attachment":[{"href":"https:\/\/eldiariodesanpedro.com.ar\/sitio\/wp-json\/wp\/v2\/media?parent=104514"}],"wp:term":[{"taxonomy":"category","embeddable":true,"href":"https:\/\/eldiariodesanpedro.com.ar\/sitio\/wp-json\/wp\/v2\/categories?post=104514"},{"taxonomy":"post_tag","embeddable":true,"href":"https:\/\/eldiariodesanpedro.com.ar\/sitio\/wp-json\/wp\/v2\/tags?post=104514"}],"curies":[{"name":"wp","href":"https:\/\/api.w.org\/{rel}","templated":true}]}}