{"id":104511,"date":"2022-02-24T19:56:22","date_gmt":"2022-02-24T22:56:22","guid":{"rendered":"https:\/\/eldiariodesanpedro.com.ar\/sitio\/?p=104511"},"modified":"2022-02-24T19:56:23","modified_gmt":"2022-02-24T22:56:23","slug":"gendarmeria-realizo-entrenamientos-en-el-aerodromo-de-nuestra-ciudad","status":"publish","type":"post","link":"https:\/\/eldiariodesanpedro.com.ar\/sitio\/gendarmeria-realizo-entrenamientos-en-el-aerodromo-de-nuestra-ciudad\/","title":{"rendered":"Gendarmeria realiz\u00f3 entrenamientos en el aer\u00f3dromo de nuestra ciudad"},"content":{"rendered":"<!-- VideographyWP Plugin Message: Automatic video embedding prevented by plugin options. -->\n\n<p>Un grupo de gendarmes realiz\u00f3 distintas actividades como ya lo hizo en otras oportunidades. En este caso lo hizo el equipo de paracaidistas.<\/p>\n\n\n\n<p>Un movimiento de fuerzas de seguridad poco habitual se advirti\u00f3 en las instalaciones del aer\u00f3dromo de nuestra ciudad pero como sucedi\u00f3 anteriormente nuestra ciudad volvi\u00f3 a ser el lugar elegido para que distintos equipos realicen actividades.<\/p>\n\n\n\n<p>En esta oportunidad fue el personal de Gendarmer\u00eda el que efectu\u00f3 tareas de entrenamientos aunque las actividades estuvieron centradas en una capacitaci\u00f3n de paracaidismo que se le brind\u00f3 al personal.<\/p>\n\n\n\n<p>Fue por eso que varios m\u00f3viles m\u00e1s el personal y los aviones fueron parte de la log\u00edstica que Gendarmer\u00eda despleg\u00f3 en el lugar.<\/p>\n\n\n\n<p>En otras ocasiones tambi\u00e9n han estado realizando actividades personal de Prefectura y el Ej\u00e9rcito.<\/p>\n","protected":false},"excerpt":{"rendered":"<p>Un grupo de gendarmes realiz\u00f3 distintas actividades como ya lo hizo en otras oportunidades. En este caso lo hizo el equipo de paracaidistas. Un movimiento de fuerzas de seguridad poco habitual se advirti\u00f3 en las instalaciones del aer\u00f3dromo de nuestra ciudad pero como sucedi\u00f3 anteriormente nuestra ciudad volvi\u00f3 a ser el lugar elegido para que [&hellip;]<\/p>\n","protected":false},"author":4,"featured_media":104512,"comment_status":"closed","ping_status":"closed","sticky":false,"template":"","format":"standard","meta":{"om_disable_all_campaigns":false,"_jetpack_memberships_contains_paid_content":false,"footnotes":""},"categories":[50,101,2],"tags":[197,696,33,19],"class_list":["post-104511","post","type-post","status-publish","format-standard","has-post-thumbnail","hentry","category-destacadas","category-interes-general-locales","category-locales","tag-buenos-aires","tag-interes-general","tag-locales","tag-san-pedro"],"aioseo_notices":[],"gutentor_comment":0,"jetpack_featured_media_url":"https:\/\/eldiariodesanpedro.com.ar\/sitio\/wp-content\/uploads\/2022\/02\/0000020717-resized-1920x1080-1.jpg","jetpack_shortlink":"https:\/\/wp.me\/p6RhLt-rbF","jetpack_sharing_enabled":true,"_links":{"self":[{"href":"https:\/\/eldiariodesanpedro.com.ar\/sitio\/wp-json\/wp\/v2\/posts\/104511","targetHints":{"allow":["GET"]}}],"collection":[{"href":"https:\/\/eldiariodesanpedro.com.ar\/sitio\/wp-json\/wp\/v2\/posts"}],"about":[{"href":"https:\/\/eldiariodesanpedro.com.ar\/sitio\/wp-json\/wp\/v2\/types\/post"}],"author":[{"embeddable":true,"href":"https:\/\/eldiariodesanpedro.com.ar\/sitio\/wp-json\/wp\/v2\/users\/4"}],"replies":[{"embeddable":true,"href":"https:\/\/eldiariodesanpedro.com.ar\/sitio\/wp-json\/wp\/v2\/comments?post=104511"}],"version-history":[{"count":1,"href":"https:\/\/eldiariodesanpedro.com.ar\/sitio\/wp-json\/wp\/v2\/posts\/104511\/revisions"}],"predecessor-version":[{"id":104513,"href":"https:\/\/eldiariodesanpedro.com.ar\/sitio\/wp-json\/wp\/v2\/posts\/104511\/revisions\/104513"}],"wp:featuredmedia":[{"embeddable":true,"href":"https:\/\/eldiariodesanpedro.com.ar\/sitio\/wp-json\/wp\/v2\/media\/104512"}],"wp:attachment":[{"href":"https:\/\/eldiariodesanpedro.com.ar\/sitio\/wp-json\/wp\/v2\/media?parent=104511"}],"wp:term":[{"taxonomy":"category","embeddable":true,"href":"https:\/\/eldiariodesanpedro.com.ar\/sitio\/wp-json\/wp\/v2\/categories?post=104511"},{"taxonomy":"post_tag","embeddable":true,"href":"https:\/\/eldiariodesanpedro.com.ar\/sitio\/wp-json\/wp\/v2\/tags?post=104511"}],"curies":[{"name":"wp","href":"https:\/\/api.w.org\/{rel}","templated":true}]}}