{"id":10451,"date":"2016-11-20T18:38:01","date_gmt":"2016-11-20T21:38:01","guid":{"rendered":"https:\/\/eldiariodesanpedro.com.ar\/sitio\/?p=10451"},"modified":"2016-11-20T18:38:01","modified_gmt":"2016-11-20T21:38:01","slug":"pergamino-el-personal-del-hospital-realizo-un-cese-de-tareas-por-una-hora-en-reclamo-de-mayor-seguridad","status":"publish","type":"post","link":"https:\/\/eldiariodesanpedro.com.ar\/sitio\/pergamino-el-personal-del-hospital-realizo-un-cese-de-tareas-por-una-hora-en-reclamo-de-mayor-seguridad\/","title":{"rendered":"PERGAMINO: El personal del Hospital realiz\u00f3 un cese de tareas por una hora en reclamo de mayor seguridad"},"content":{"rendered":"<p><!-- VideographyWP Plugin Message: Automatic video embedding prevented by plugin options. --><br \/>\nPersonal de distintos servicios del nosocomio se manifestaron ayer en repudio a la agresi\u00f3n sufrida por una supervisora de enfermer\u00eda. Realizaron un paro de una hora, describieron el contexto en el que trabajan y exigieron la pronta instrumentaci\u00f3n de medidas para prevenir agresiones y situaciones de inseguridad.<\/p>\n<p>Personal de distintos servicios del Hospital Interzonal General de Agudos San Jos\u00e9 realizaron un paro de una hora en repudio a los reiterados hechos de violencia e inseguridad que se suceden dentro del establecimiento sanitario. Los testimonios fueron brindados por Miguel Lorea, enfermero de Consultorio Externo e integrante del gremio UPCN; Amelia Ben\u00edtez, jefa del Servicio de Enfermer\u00eda, y Jorge Montero, referente de ATE. <\/p>\n<p>En primer lugar, fue la jefa del Servicio de Enfermer\u00eda quien expres\u00f3: \u201cNos juntamos para repudiar el hecho de violencia del que fue v\u00edctima una compa\u00f1era y denunciar un nivel de inseguridad que ya no podemos sostener\u201d.<\/p>\n<p>\u201cEs inadmisible que la gente venga y nos agreda en nuestro lugar de trabajo. Este reclamo que estamos haciendo no es contra la direcci\u00f3n del Hospital ni contra el personal de vigilancia. Pero estamos seriamente preocupados porque no es la primera vez que ocurren hechos de violencia y estos se suceden cada vez con mayor frecuencia\u201d, enfatiz\u00f3 Amelia Ben\u00edtez y mencion\u00f3 que hay personal que cuenta con licencias por tiempo prolongado a causa de situaciones vinculadas con la inseguridad que han vivido dentro del \u00e1mbito hospitalario. <\/p>\n","protected":false},"excerpt":{"rendered":"<p>Personal de distintos servicios del nosocomio se manifestaron ayer en repudio a la agresi\u00f3n sufrida por una supervisora de enfermer\u00eda. Realizaron un paro de una hora, describieron el contexto en el que trabajan y exigieron la pronta instrumentaci\u00f3n de medidas para prevenir agresiones y situaciones de inseguridad. Personal de distintos servicios del Hospital Interzonal General [&hellip;]<\/p>\n","protected":false},"author":4,"featured_media":10452,"comment_status":"open","ping_status":"closed","sticky":false,"template":"","format":"standard","meta":{"om_disable_all_campaigns":false,"_jetpack_memberships_contains_paid_content":false,"footnotes":""},"categories":[621],"tags":[],"class_list":["post-10451","post","type-post","status-publish","format-standard","has-post-thumbnail","hentry","category-regionales"],"aioseo_notices":[],"gutentor_comment":0,"jetpack_featured_media_url":"https:\/\/eldiariodesanpedro.com.ar\/sitio\/wp-content\/uploads\/2016\/11\/PAGINA6.jpg","jetpack_shortlink":"https:\/\/wp.me\/p6RhLt-2Iz","jetpack_sharing_enabled":true,"_links":{"self":[{"href":"https:\/\/eldiariodesanpedro.com.ar\/sitio\/wp-json\/wp\/v2\/posts\/10451","targetHints":{"allow":["GET"]}}],"collection":[{"href":"https:\/\/eldiariodesanpedro.com.ar\/sitio\/wp-json\/wp\/v2\/posts"}],"about":[{"href":"https:\/\/eldiariodesanpedro.com.ar\/sitio\/wp-json\/wp\/v2\/types\/post"}],"author":[{"embeddable":true,"href":"https:\/\/eldiariodesanpedro.com.ar\/sitio\/wp-json\/wp\/v2\/users\/4"}],"replies":[{"embeddable":true,"href":"https:\/\/eldiariodesanpedro.com.ar\/sitio\/wp-json\/wp\/v2\/comments?post=10451"}],"version-history":[{"count":1,"href":"https:\/\/eldiariodesanpedro.com.ar\/sitio\/wp-json\/wp\/v2\/posts\/10451\/revisions"}],"predecessor-version":[{"id":10453,"href":"https:\/\/eldiariodesanpedro.com.ar\/sitio\/wp-json\/wp\/v2\/posts\/10451\/revisions\/10453"}],"wp:featuredmedia":[{"embeddable":true,"href":"https:\/\/eldiariodesanpedro.com.ar\/sitio\/wp-json\/wp\/v2\/media\/10452"}],"wp:attachment":[{"href":"https:\/\/eldiariodesanpedro.com.ar\/sitio\/wp-json\/wp\/v2\/media?parent=10451"}],"wp:term":[{"taxonomy":"category","embeddable":true,"href":"https:\/\/eldiariodesanpedro.com.ar\/sitio\/wp-json\/wp\/v2\/categories?post=10451"},{"taxonomy":"post_tag","embeddable":true,"href":"https:\/\/eldiariodesanpedro.com.ar\/sitio\/wp-json\/wp\/v2\/tags?post=10451"}],"curies":[{"name":"wp","href":"https:\/\/api.w.org\/{rel}","templated":true}]}}