{"id":104505,"date":"2022-02-24T18:03:10","date_gmt":"2022-02-24T21:03:10","guid":{"rendered":"https:\/\/eldiariodesanpedro.com.ar\/sitio\/?p=104505"},"modified":"2022-02-24T18:03:12","modified_gmt":"2022-02-24T21:03:12","slug":"recuperan-bicicleta-robada-por-un-menor-de-edad","status":"publish","type":"post","link":"https:\/\/eldiariodesanpedro.com.ar\/sitio\/recuperan-bicicleta-robada-por-un-menor-de-edad\/","title":{"rendered":"Recuperan bicicleta robada por un menor de edad"},"content":{"rendered":"<!-- VideographyWP Plugin Message: Automatic video embedding prevented by plugin options. -->\n\n<p>Promediando el mediod\u00eda de ayer el personal policial en calle Javier Rivero y Auli procedi\u00f3 al secuestro de una bicicleta abandonada, sustra\u00edda instantes antes del interior de un domicilio en calle Brenan 1033 tras intimidar y amenazar a propietaria femenina de 30 a\u00f1os.&nbsp;Se estableci\u00f3 la autor\u00eda de un menor de 17 a\u00f1os, que est\u00e1 identificado y se procura su detenci\u00f3n.&nbsp;&nbsp;<\/p>\n","protected":false},"excerpt":{"rendered":"<p>Promediando el mediod\u00eda de ayer el personal policial en calle Javier Rivero y Auli procedi\u00f3 al secuestro de una bicicleta abandonada, sustra\u00edda instantes antes del interior de un domicilio en calle Brenan 1033 tras intimidar y amenazar a propietaria femenina de 30 a\u00f1os.&nbsp;Se estableci\u00f3 la autor\u00eda de un menor de 17 a\u00f1os, que est\u00e1 identificado [&hellip;]<\/p>\n","protected":false},"author":4,"featured_media":77860,"comment_status":"closed","ping_status":"closed","sticky":false,"template":"","format":"standard","meta":{"om_disable_all_campaigns":false,"_jetpack_memberships_contains_paid_content":false,"footnotes":""},"categories":[50,101,2],"tags":[197,696,33,19],"class_list":["post-104505","post","type-post","status-publish","format-standard","has-post-thumbnail","hentry","category-destacadas","category-interes-general-locales","category-locales","tag-buenos-aires","tag-interes-general","tag-locales","tag-san-pedro"],"aioseo_notices":[],"gutentor_comment":0,"jetpack_featured_media_url":"https:\/\/eldiariodesanpedro.com.ar\/sitio\/wp-content\/uploads\/2020\/07\/000085506.jpg","jetpack_shortlink":"https:\/\/wp.me\/p6RhLt-rbz","jetpack_sharing_enabled":true,"_links":{"self":[{"href":"https:\/\/eldiariodesanpedro.com.ar\/sitio\/wp-json\/wp\/v2\/posts\/104505","targetHints":{"allow":["GET"]}}],"collection":[{"href":"https:\/\/eldiariodesanpedro.com.ar\/sitio\/wp-json\/wp\/v2\/posts"}],"about":[{"href":"https:\/\/eldiariodesanpedro.com.ar\/sitio\/wp-json\/wp\/v2\/types\/post"}],"author":[{"embeddable":true,"href":"https:\/\/eldiariodesanpedro.com.ar\/sitio\/wp-json\/wp\/v2\/users\/4"}],"replies":[{"embeddable":true,"href":"https:\/\/eldiariodesanpedro.com.ar\/sitio\/wp-json\/wp\/v2\/comments?post=104505"}],"version-history":[{"count":1,"href":"https:\/\/eldiariodesanpedro.com.ar\/sitio\/wp-json\/wp\/v2\/posts\/104505\/revisions"}],"predecessor-version":[{"id":104506,"href":"https:\/\/eldiariodesanpedro.com.ar\/sitio\/wp-json\/wp\/v2\/posts\/104505\/revisions\/104506"}],"wp:featuredmedia":[{"embeddable":true,"href":"https:\/\/eldiariodesanpedro.com.ar\/sitio\/wp-json\/wp\/v2\/media\/77860"}],"wp:attachment":[{"href":"https:\/\/eldiariodesanpedro.com.ar\/sitio\/wp-json\/wp\/v2\/media?parent=104505"}],"wp:term":[{"taxonomy":"category","embeddable":true,"href":"https:\/\/eldiariodesanpedro.com.ar\/sitio\/wp-json\/wp\/v2\/categories?post=104505"},{"taxonomy":"post_tag","embeddable":true,"href":"https:\/\/eldiariodesanpedro.com.ar\/sitio\/wp-json\/wp\/v2\/tags?post=104505"}],"curies":[{"name":"wp","href":"https:\/\/api.w.org\/{rel}","templated":true}]}}