{"id":104503,"date":"2022-02-24T14:27:34","date_gmt":"2022-02-24T17:27:34","guid":{"rendered":"https:\/\/eldiariodesanpedro.com.ar\/sitio\/?p=104503"},"modified":"2022-02-24T14:27:35","modified_gmt":"2022-02-24T17:27:35","slug":"un-automovil-los-choco-y-se-dio-a-la-fuga","status":"publish","type":"post","link":"https:\/\/eldiariodesanpedro.com.ar\/sitio\/un-automovil-los-choco-y-se-dio-a-la-fuga\/","title":{"rendered":"Un autom\u00f3vil los choc\u00f3 y se dio a la fuga"},"content":{"rendered":"<!-- VideographyWP Plugin Message: Automatic video embedding prevented by plugin options. -->\n\n<p>Este martes en horas de la tarde denunci\u00f3 una mujer de 20 a\u00f1os&nbsp; que promediando las 08 hs circunstancias que circulaba como acompa\u00f1ante a bordo de motocicleta marca 110 cc conducida por su novio, colisionan en calle Lucio Mansilla y Bonorino contra autom\u00f3vil, el cual se da a la fuga del lugar del hecho, conductor rodado menor presenta lesiones de car\u00e1cter leves, denunciante resulta ilesa.&nbsp;Interviene UFI Nro. 07<\/p>\n","protected":false},"excerpt":{"rendered":"<p>Este martes en horas de la tarde denunci\u00f3 una mujer de 20 a\u00f1os&nbsp; que promediando las 08 hs circunstancias que circulaba como acompa\u00f1ante a bordo de motocicleta marca 110 cc conducida por su novio, colisionan en calle Lucio Mansilla y Bonorino contra autom\u00f3vil, el cual se da a la fuga del lugar del hecho, conductor [&hellip;]<\/p>\n","protected":false},"author":4,"featured_media":81053,"comment_status":"closed","ping_status":"closed","sticky":false,"template":"","format":"standard","meta":{"om_disable_all_campaigns":false,"_jetpack_memberships_contains_paid_content":false,"footnotes":""},"categories":[2,103],"tags":[197,33,95,19],"class_list":["post-104503","post","type-post","status-publish","format-standard","has-post-thumbnail","hentry","category-locales","category-policiales-locales","tag-buenos-aires","tag-locales","tag-policiales","tag-san-pedro"],"aioseo_notices":[],"gutentor_comment":0,"jetpack_featured_media_url":"https:\/\/eldiariodesanpedro.com.ar\/sitio\/wp-content\/uploads\/2020\/09\/guardia-940x528-1.jpg","jetpack_shortlink":"https:\/\/wp.me\/p6RhLt-rbx","jetpack_sharing_enabled":true,"_links":{"self":[{"href":"https:\/\/eldiariodesanpedro.com.ar\/sitio\/wp-json\/wp\/v2\/posts\/104503","targetHints":{"allow":["GET"]}}],"collection":[{"href":"https:\/\/eldiariodesanpedro.com.ar\/sitio\/wp-json\/wp\/v2\/posts"}],"about":[{"href":"https:\/\/eldiariodesanpedro.com.ar\/sitio\/wp-json\/wp\/v2\/types\/post"}],"author":[{"embeddable":true,"href":"https:\/\/eldiariodesanpedro.com.ar\/sitio\/wp-json\/wp\/v2\/users\/4"}],"replies":[{"embeddable":true,"href":"https:\/\/eldiariodesanpedro.com.ar\/sitio\/wp-json\/wp\/v2\/comments?post=104503"}],"version-history":[{"count":1,"href":"https:\/\/eldiariodesanpedro.com.ar\/sitio\/wp-json\/wp\/v2\/posts\/104503\/revisions"}],"predecessor-version":[{"id":104504,"href":"https:\/\/eldiariodesanpedro.com.ar\/sitio\/wp-json\/wp\/v2\/posts\/104503\/revisions\/104504"}],"wp:featuredmedia":[{"embeddable":true,"href":"https:\/\/eldiariodesanpedro.com.ar\/sitio\/wp-json\/wp\/v2\/media\/81053"}],"wp:attachment":[{"href":"https:\/\/eldiariodesanpedro.com.ar\/sitio\/wp-json\/wp\/v2\/media?parent=104503"}],"wp:term":[{"taxonomy":"category","embeddable":true,"href":"https:\/\/eldiariodesanpedro.com.ar\/sitio\/wp-json\/wp\/v2\/categories?post=104503"},{"taxonomy":"post_tag","embeddable":true,"href":"https:\/\/eldiariodesanpedro.com.ar\/sitio\/wp-json\/wp\/v2\/tags?post=104503"}],"curies":[{"name":"wp","href":"https:\/\/api.w.org\/{rel}","templated":true}]}}