{"id":104498,"date":"2022-02-24T14:21:57","date_gmt":"2022-02-24T17:21:57","guid":{"rendered":"https:\/\/eldiariodesanpedro.com.ar\/sitio\/?p=104498"},"modified":"2022-02-24T14:21:58","modified_gmt":"2022-02-24T17:21:58","slug":"menor-robo-una-billetera-lo-aprehendieron-salio-y-robo-una-bicicleta-lo-volvieron-a-aprehender","status":"publish","type":"post","link":"https:\/\/eldiariodesanpedro.com.ar\/sitio\/menor-robo-una-billetera-lo-aprehendieron-salio-y-robo-una-bicicleta-lo-volvieron-a-aprehender\/","title":{"rendered":"Menor robo una billetera, lo aprehendieron, salio y robo una bicicleta lo volvieron a aprehender"},"content":{"rendered":"<!-- VideographyWP Plugin Message: Automatic video embedding prevented by plugin options. -->\n\n<p>Este mi\u00e9rcoles promediando las 17 horas calle Javier Rivero y D\u00e1vila se aprehendi\u00f3 en fuga a menor delincuente de 16 a\u00f1os, secuestrado en su poder billetera con dinero y documentaci\u00f3n que sustrajo modalidad arrebato a una mujer de 69 a\u00f1os en calle Bozzano al 300 sobre la v\u00eda p\u00fablica.&nbsp;<\/p>\n\n\n\n<p>La v\u00edctima afortunadamente result\u00f3 ilesa, interviene fiscal\u00eda juvenil de San Nicol\u00e1s.&nbsp;<\/p>\n\n\n\n<p>Horas m\u00e1s tarde el mismo menor promediando las 22 hs en calle Rivadavia e Irlanda se hace presente un m\u00f3vil policial donde se secuestr\u00f3 una bicicleta, la misma era tripulada por el mismo menor delincuente del hecho anterior mencionado de 16 a\u00f1os.&nbsp;<\/p>\n\n\n\n<p>El cual advertido por la polic\u00eda se dio a la fuga, abandonando el rodado, que sustrajo horas antes sin violencia de domicilio Almafuerte al 2300 propiedad de una mujer de 50 a\u00f1os, que radic\u00f3 la denuncia y recuper\u00f3 su bicicleta.<\/p>\n\n\n\n<div class=\"wp-block-image\"><figure class=\"aligncenter size-full\"><img decoding=\"async\" width=\"473\" height=\"630\" data-attachment-id=\"104501\" data-permalink=\"https:\/\/eldiariodesanpedro.com.ar\/sitio\/menor-robo-una-billetera-lo-aprehendieron-salio-y-robo-una-bicicleta-lo-volvieron-a-aprehender\/whatsapp-image-2022-02-24-at-14-17-37\/\" data-orig-file=\"https:\/\/eldiariodesanpedro.com.ar\/sitio\/wp-content\/uploads\/2022\/02\/WhatsApp-Image-2022-02-24-at-14.17.37.jpeg\" data-orig-size=\"473,630\" data-comments-opened=\"0\" data-image-meta=\"{&quot;aperture&quot;:&quot;0&quot;,&quot;credit&quot;:&quot;&quot;,&quot;camera&quot;:&quot;&quot;,&quot;caption&quot;:&quot;&quot;,&quot;created_timestamp&quot;:&quot;0&quot;,&quot;copyright&quot;:&quot;&quot;,&quot;focal_length&quot;:&quot;0&quot;,&quot;iso&quot;:&quot;0&quot;,&quot;shutter_speed&quot;:&quot;0&quot;,&quot;title&quot;:&quot;&quot;,&quot;orientation&quot;:&quot;0&quot;}\" data-image-title=\"WhatsApp Image 2022-02-24 at 14.17.37\" data-image-description=\"\" data-image-caption=\"\" data-large-file=\"https:\/\/eldiariodesanpedro.com.ar\/sitio\/wp-content\/uploads\/2022\/02\/WhatsApp-Image-2022-02-24-at-14.17.37.jpeg\" data-src=\"https:\/\/eldiariodesanpedro.com.ar\/sitio\/wp-content\/uploads\/2022\/02\/WhatsApp-Image-2022-02-24-at-14.17.37.jpeg\" alt=\"\" class=\"wp-image-104501 lazyload\" data-srcset=\"https:\/\/eldiariodesanpedro.com.ar\/sitio\/wp-content\/uploads\/2022\/02\/WhatsApp-Image-2022-02-24-at-14.17.37.jpeg 473w, https:\/\/eldiariodesanpedro.com.ar\/sitio\/wp-content\/uploads\/2022\/02\/WhatsApp-Image-2022-02-24-at-14.17.37-225x300.jpeg 225w\" data-sizes=\"(max-width: 473px) 100vw, 473px\" src=\"data:image\/svg+xml;base64,PHN2ZyB3aWR0aD0iMSIgaGVpZ2h0PSIxIiB4bWxucz0iaHR0cDovL3d3dy53My5vcmcvMjAwMC9zdmciPjwvc3ZnPg==\" style=\"--smush-placeholder-width: 473px; --smush-placeholder-aspect-ratio: 473\/630;\" \/><\/figure><\/div>\n","protected":false},"excerpt":{"rendered":"<p>Este mi\u00e9rcoles promediando las 17 horas calle Javier Rivero y D\u00e1vila se aprehendi\u00f3 en fuga a menor delincuente de 16 a\u00f1os, secuestrado en su poder billetera con dinero y documentaci\u00f3n que sustrajo modalidad arrebato a una mujer de 69 a\u00f1os en calle Bozzano al 300 sobre la v\u00eda p\u00fablica.&nbsp; La v\u00edctima afortunadamente result\u00f3 ilesa, interviene [&hellip;]<\/p>\n","protected":false},"author":4,"featured_media":104500,"comment_status":"closed","ping_status":"closed","sticky":false,"template":"","format":"standard","meta":{"om_disable_all_campaigns":false,"_jetpack_memberships_contains_paid_content":false,"footnotes":""},"categories":[50,2,103],"tags":[197,33,95,19],"class_list":["post-104498","post","type-post","status-publish","format-standard","has-post-thumbnail","hentry","category-destacadas","category-locales","category-policiales-locales","tag-buenos-aires","tag-locales","tag-policiales","tag-san-pedro"],"aioseo_notices":[],"gutentor_comment":0,"jetpack_featured_media_url":"https:\/\/eldiariodesanpedro.com.ar\/sitio\/wp-content\/uploads\/2022\/02\/WhatsApp-Image-2022-02-24-at-14.17.24.jpeg","jetpack_shortlink":"https:\/\/wp.me\/p6RhLt-rbs","jetpack_sharing_enabled":true,"_links":{"self":[{"href":"https:\/\/eldiariodesanpedro.com.ar\/sitio\/wp-json\/wp\/v2\/posts\/104498","targetHints":{"allow":["GET"]}}],"collection":[{"href":"https:\/\/eldiariodesanpedro.com.ar\/sitio\/wp-json\/wp\/v2\/posts"}],"about":[{"href":"https:\/\/eldiariodesanpedro.com.ar\/sitio\/wp-json\/wp\/v2\/types\/post"}],"author":[{"embeddable":true,"href":"https:\/\/eldiariodesanpedro.com.ar\/sitio\/wp-json\/wp\/v2\/users\/4"}],"replies":[{"embeddable":true,"href":"https:\/\/eldiariodesanpedro.com.ar\/sitio\/wp-json\/wp\/v2\/comments?post=104498"}],"version-history":[{"count":1,"href":"https:\/\/eldiariodesanpedro.com.ar\/sitio\/wp-json\/wp\/v2\/posts\/104498\/revisions"}],"predecessor-version":[{"id":104502,"href":"https:\/\/eldiariodesanpedro.com.ar\/sitio\/wp-json\/wp\/v2\/posts\/104498\/revisions\/104502"}],"wp:featuredmedia":[{"embeddable":true,"href":"https:\/\/eldiariodesanpedro.com.ar\/sitio\/wp-json\/wp\/v2\/media\/104500"}],"wp:attachment":[{"href":"https:\/\/eldiariodesanpedro.com.ar\/sitio\/wp-json\/wp\/v2\/media?parent=104498"}],"wp:term":[{"taxonomy":"category","embeddable":true,"href":"https:\/\/eldiariodesanpedro.com.ar\/sitio\/wp-json\/wp\/v2\/categories?post=104498"},{"taxonomy":"post_tag","embeddable":true,"href":"https:\/\/eldiariodesanpedro.com.ar\/sitio\/wp-json\/wp\/v2\/tags?post=104498"}],"curies":[{"name":"wp","href":"https:\/\/api.w.org\/{rel}","templated":true}]}}