{"id":104486,"date":"2022-02-24T12:26:32","date_gmt":"2022-02-24T15:26:32","guid":{"rendered":"https:\/\/eldiariodesanpedro.com.ar\/sitio\/?p=104486"},"modified":"2022-02-24T12:26:32","modified_gmt":"2022-02-24T15:26:32","slug":"cuanto-cobrara-un-docente-si-los-gremios-aceptan-la-oferta-de-provincia","status":"publish","type":"post","link":"https:\/\/eldiariodesanpedro.com.ar\/sitio\/cuanto-cobrara-un-docente-si-los-gremios-aceptan-la-oferta-de-provincia\/","title":{"rendered":"<strong>Cu\u00e1nto cobrar\u00e1 un docente si los gremios aceptan la oferta de Provincia<\/strong>"},"content":{"rendered":"<!-- VideographyWP Plugin Message: Automatic video embedding prevented by plugin options. -->\n\n<p>El Gobierno bonaerense propuso un aumento salarial del 41,8% en tres cuotas a los maestros bonaerenses. Los sindicatos eval\u00faan la propuesta. As\u00ed ser\u00eda la escala si la respuesta es positiva.<\/p>\n\n\n\n<p>El Gobierno de la provincia de Buenos Aires contin\u00faa con la ronda de paritarias y, en un nuevo encuentro con docentes, finalmente realiz\u00f3 una propuesta salarial.&nbsp;<br><br>La misma consiste en un aumento de 41,8% en tres cuotas con cl\u00e1usula de revisi\u00f3n en el cuatro bimestre. Los gremios decidir\u00e1n qu\u00e9 hacer, pero todo conduce a un acuerdo entre las partes.<br><br>De acuerdo con lo informado por el FUDB, la oferta salarial \u00abcontiene un esquema de paritaria corta, de tres tramos\u201d, e incluye el aporte del gobierno nacional por la v\u00eda del fondo nacional de incentivo docente.<br><br>As\u00ed, en marzo el cargo de maestro de grado inicial tendr\u00e1 un salario de $ 65.006 pesos; en junio $ 65.417; en julio $ 71.070 y en septiembre 78.549 pesos.<br><br>Desde la Provincia detallaron que \u00aba fin de lograr y mantener una recomposici\u00f3n real de los salarios\u00bb, se propuso llevar adelante un monitoreo de la evoluci\u00f3n de los indicadores econ\u00f3micos, y, si fuera necesario, retomar el di\u00e1logo.<br><br>\u00abAdem\u00e1s, se integran dos cl\u00e1usulas, reapertura de paritaria en el cuarto bimestre y otra de seguimiento con readecuaci\u00f3n para garantizar la recuperaci\u00f3n progresiva del salario docente\u00bb, a\u00f1adieron.<br><br>Tambi\u00e9n adelantaron que \u00abla propuesta realizada por el Gobierno fue recepcionada por los gremios y ser\u00e1 puesta a consideraci\u00f3n de sus respectivos cuerpos org\u00e1nicos. En un marco de democracia sindical, los y las Docentes definir\u00e1n la aceptaci\u00f3n o el rechazo de la propuesta\u00bb.<\/p>\n","protected":false},"excerpt":{"rendered":"<p>El Gobierno bonaerense propuso un aumento salarial del 41,8% en tres cuotas a los maestros bonaerenses. Los sindicatos eval\u00faan la propuesta. As\u00ed ser\u00eda la escala si la respuesta es positiva. El Gobierno de la provincia de Buenos Aires contin\u00faa con la ronda de paritarias y, en un nuevo encuentro con docentes, finalmente realiz\u00f3 una propuesta [&hellip;]<\/p>\n","protected":false},"author":4,"featured_media":87445,"comment_status":"closed","ping_status":"closed","sticky":false,"template":"","format":"standard","meta":{"om_disable_all_campaigns":false,"_jetpack_memberships_contains_paid_content":false,"footnotes":""},"categories":[50,101,2],"tags":[197,696,33,19],"class_list":["post-104486","post","type-post","status-publish","format-standard","has-post-thumbnail","hentry","category-destacadas","category-interes-general-locales","category-locales","tag-buenos-aires","tag-interes-general","tag-locales","tag-san-pedro"],"aioseo_notices":[],"gutentor_comment":0,"jetpack_featured_media_url":"https:\/\/eldiariodesanpedro.com.ar\/sitio\/wp-content\/uploads\/2021\/02\/docentes-clases.jpg","jetpack_shortlink":"https:\/\/wp.me\/p6RhLt-rbg","jetpack_sharing_enabled":true,"_links":{"self":[{"href":"https:\/\/eldiariodesanpedro.com.ar\/sitio\/wp-json\/wp\/v2\/posts\/104486","targetHints":{"allow":["GET"]}}],"collection":[{"href":"https:\/\/eldiariodesanpedro.com.ar\/sitio\/wp-json\/wp\/v2\/posts"}],"about":[{"href":"https:\/\/eldiariodesanpedro.com.ar\/sitio\/wp-json\/wp\/v2\/types\/post"}],"author":[{"embeddable":true,"href":"https:\/\/eldiariodesanpedro.com.ar\/sitio\/wp-json\/wp\/v2\/users\/4"}],"replies":[{"embeddable":true,"href":"https:\/\/eldiariodesanpedro.com.ar\/sitio\/wp-json\/wp\/v2\/comments?post=104486"}],"version-history":[{"count":1,"href":"https:\/\/eldiariodesanpedro.com.ar\/sitio\/wp-json\/wp\/v2\/posts\/104486\/revisions"}],"predecessor-version":[{"id":104487,"href":"https:\/\/eldiariodesanpedro.com.ar\/sitio\/wp-json\/wp\/v2\/posts\/104486\/revisions\/104487"}],"wp:featuredmedia":[{"embeddable":true,"href":"https:\/\/eldiariodesanpedro.com.ar\/sitio\/wp-json\/wp\/v2\/media\/87445"}],"wp:attachment":[{"href":"https:\/\/eldiariodesanpedro.com.ar\/sitio\/wp-json\/wp\/v2\/media?parent=104486"}],"wp:term":[{"taxonomy":"category","embeddable":true,"href":"https:\/\/eldiariodesanpedro.com.ar\/sitio\/wp-json\/wp\/v2\/categories?post=104486"},{"taxonomy":"post_tag","embeddable":true,"href":"https:\/\/eldiariodesanpedro.com.ar\/sitio\/wp-json\/wp\/v2\/tags?post=104486"}],"curies":[{"name":"wp","href":"https:\/\/api.w.org\/{rel}","templated":true}]}}