{"id":10448,"date":"2016-11-20T18:37:03","date_gmt":"2016-11-20T21:37:03","guid":{"rendered":"https:\/\/eldiariodesanpedro.com.ar\/sitio\/?p=10448"},"modified":"2016-11-20T18:37:03","modified_gmt":"2016-11-20T21:37:03","slug":"campana-buzon-vida-reciben-denuncias-anonimas-de-venta-minorista-de-droga","status":"publish","type":"post","link":"https:\/\/eldiariodesanpedro.com.ar\/sitio\/campana-buzon-vida-reciben-denuncias-anonimas-de-venta-minorista-de-droga\/","title":{"rendered":"CAMPANA: \u201cBuz\u00f3n Vida\u201d Reciben denuncias an\u00f3nimas de venta minorista de droga"},"content":{"rendered":"<p><!-- VideographyWP Plugin Message: Automatic video embedding prevented by plugin options. --><br \/>\nA trav\u00e9s de la ONG Sumar Futuro, el municipio de la ciudad de Campana implementa esta herramienta que permite a los vecinos realizar denuncias an\u00f3nimas de venta minoristas de drogas.<\/p>\n<p>Los buzones est\u00e1n disponibles en distintos lugares de la ciudad y funcionan como una herramienta que fue incorporada recientemente por la gesti\u00f3n del intendente Sebasti\u00e1n Abella para que los vecinos puedan denunciar en forma an\u00f3nima y segura la venta de droga.<\/p>\n<p>Actualmente los buzones se encuentran ubicados en la sede de la CUCEI, el Hospital Municipal San Jos\u00e9, la catedral Santa Florentina y el hall del Palacio Municipal, los cuales se abren semanalmente para elevar las denuncias correspondientes ante la Justicia.<\/p>\n<p>Estos escritos llevan la firma del intendente Abella, quien asume un compromiso y una responsabilidad con toda la comunidad para resolver un problema que afecta a los vecinos en su conjunto.<\/p>\n","protected":false},"excerpt":{"rendered":"<p>A trav\u00e9s de la ONG Sumar Futuro, el municipio de la ciudad de Campana implementa esta herramienta que permite a los vecinos realizar denuncias an\u00f3nimas de venta minoristas de drogas. Los buzones est\u00e1n disponibles en distintos lugares de la ciudad y funcionan como una herramienta que fue incorporada recientemente por la gesti\u00f3n del intendente Sebasti\u00e1n [&hellip;]<\/p>\n","protected":false},"author":4,"featured_media":10449,"comment_status":"open","ping_status":"closed","sticky":false,"template":"","format":"standard","meta":{"om_disable_all_campaigns":false,"_jetpack_memberships_contains_paid_content":false,"footnotes":""},"categories":[621],"tags":[],"class_list":["post-10448","post","type-post","status-publish","format-standard","has-post-thumbnail","hentry","category-regionales"],"aioseo_notices":[],"gutentor_comment":0,"jetpack_featured_media_url":"https:\/\/eldiariodesanpedro.com.ar\/sitio\/wp-content\/uploads\/2016\/11\/buzon-de-vida.jpg","jetpack_shortlink":"https:\/\/wp.me\/p6RhLt-2Iw","jetpack_sharing_enabled":true,"_links":{"self":[{"href":"https:\/\/eldiariodesanpedro.com.ar\/sitio\/wp-json\/wp\/v2\/posts\/10448","targetHints":{"allow":["GET"]}}],"collection":[{"href":"https:\/\/eldiariodesanpedro.com.ar\/sitio\/wp-json\/wp\/v2\/posts"}],"about":[{"href":"https:\/\/eldiariodesanpedro.com.ar\/sitio\/wp-json\/wp\/v2\/types\/post"}],"author":[{"embeddable":true,"href":"https:\/\/eldiariodesanpedro.com.ar\/sitio\/wp-json\/wp\/v2\/users\/4"}],"replies":[{"embeddable":true,"href":"https:\/\/eldiariodesanpedro.com.ar\/sitio\/wp-json\/wp\/v2\/comments?post=10448"}],"version-history":[{"count":1,"href":"https:\/\/eldiariodesanpedro.com.ar\/sitio\/wp-json\/wp\/v2\/posts\/10448\/revisions"}],"predecessor-version":[{"id":10450,"href":"https:\/\/eldiariodesanpedro.com.ar\/sitio\/wp-json\/wp\/v2\/posts\/10448\/revisions\/10450"}],"wp:featuredmedia":[{"embeddable":true,"href":"https:\/\/eldiariodesanpedro.com.ar\/sitio\/wp-json\/wp\/v2\/media\/10449"}],"wp:attachment":[{"href":"https:\/\/eldiariodesanpedro.com.ar\/sitio\/wp-json\/wp\/v2\/media?parent=10448"}],"wp:term":[{"taxonomy":"category","embeddable":true,"href":"https:\/\/eldiariodesanpedro.com.ar\/sitio\/wp-json\/wp\/v2\/categories?post=10448"},{"taxonomy":"post_tag","embeddable":true,"href":"https:\/\/eldiariodesanpedro.com.ar\/sitio\/wp-json\/wp\/v2\/tags?post=10448"}],"curies":[{"name":"wp","href":"https:\/\/api.w.org\/{rel}","templated":true}]}}