{"id":104479,"date":"2022-02-24T12:01:15","date_gmt":"2022-02-24T15:01:15","guid":{"rendered":"https:\/\/eldiariodesanpedro.com.ar\/sitio\/?p=104479"},"modified":"2022-02-24T12:01:16","modified_gmt":"2022-02-24T15:01:16","slug":"autorizaron-subas-de-servicios-a-partir-de-marzo","status":"publish","type":"post","link":"https:\/\/eldiariodesanpedro.com.ar\/sitio\/autorizaron-subas-de-servicios-a-partir-de-marzo\/","title":{"rendered":"Autorizaron subas de servicios a partir de marzo"},"content":{"rendered":"<!-- VideographyWP Plugin Message: Automatic video embedding prevented by plugin options. -->\n\n<p>Seg\u00fan aseguraron desde el Gobierno, el aumento en las tarifas de gas para usuarios residenciales a partir de marzo ser\u00e1 de entre\u00a019% y 20%, en tanto que las subas para las distribuidoras son del 36%.<\/p>\n\n\n\n<p>El Gobierno autoriz\u00f3 un aumento de entre\u00a0<strong>19% y 20%<\/strong>\u00a0en las tarifas de gas para usuarios residenciales a partir de marzo, y de hasta\u00a0<strong>15%<\/strong>\u00a0para las peque\u00f1as y medianas empresas. Se trata de un<strong>\u00a0\u00abrec\u00e1lculo tarifario con vigencia durante marzo de 2022\u00bb<\/strong>, seg\u00fan el\u00a0Decreto 91\/2022,\u00a0publicado en el\u00a0Bolet\u00edn Oficial.La decisi\u00f3n alcanza a usuarios de las distribuidoras Camuzzi Gas del Sur, Camuzzi Gas Pampeana, Gasnor, Gas Cuyana, Gas del Centro, Litoral Gas, Gas NEA, Metrogas y Naturgy BAN. Tambi\u00e9n, a Transportadora Gas del Sur (TGS) y Transportadora Gas del Norte (TGN).Ese Decreto autoriza\u00a0un incremento de ingresos de 60% para las empresas transportistas y del 36% para las distribuidoras. Seg\u00fan lo dispuesto, se aplicar\u00e1n distintos ajustes por categor\u00eda de usuario y cargo. Esta suba, se ver\u00e1 reflejada en las boletas de los consumidores con cerca de un 20% a partir de lo que se deber\u00e1 abonar en abrilEl incremento autorizado este mi\u00e9rcoles se vincula con los resultados de la audiencia p\u00fablica sobre las tarifas de gas que se realiz\u00f3 a mediados de enero \u00faltimo. En esa oportunidad, las distribuidoras propusieron un ajuste del\u00a035%\u00a0para los usuarios residenciales.El Gobierno asegur\u00f3 que en las adecuaciones transitorias tarifarias que correspondan\u00a0\u00abse deber\u00e1 propender en este per\u00edodo de transici\u00f3n y emergencia sanitaria a garantizar la continuidad de la normal prestaci\u00f3n de los servicios\u00bb.<br><br><strong>C\u00f3mo ser\u00e1 el aumento de las tarifas del servicio el\u00e9ctrico<\/strong><br><br>El Gobierno nacional plante\u00f3 oficialmente un ajuste en las distintas etapas de transporte y distribuci\u00f3n de electricidad. De esta manera, propuso aumentos de hasta un 20 por ciento en la tarifa de la luz para la regi\u00f3n del \u00c1rea Metropolitana de Buenos Aires (AMBA).<\/p>\n\n\n\n<p>El director nacional de Regulaci\u00f3n del Mercado El\u00e9ctrico Mayorista, Marcelo Positino, al exponer en el inicio de la audiencia p\u00fablica para analizar las propuestas de un nuevo cuadro tarifario provisorio para las distribuidoras Edenor y Edesur, que operan en el AMBA bajo la \u00f3rbita del Ente Nacional Regulador de la Electricidad (ENRE), manifest\u00f3 que \u00abse plantea la fijaci\u00f3n de precios que se defina de forma tal cuyo impacto final en las facturas de los usuarios oscile entre el 17% y el 20%\u00bb.<\/p>\n\n\n\n<p>La audiencia p\u00fablica, presidida por la interventora del ENRE, Mar\u00eda Soledad Man\u00edn, y comenz\u00f3 durante la ma\u00f1ana de este jueves con una breve intervenci\u00f3n del secretario de Energ\u00eda, Dar\u00edo Mart\u00ednez, quien plante\u00f3 como premisa el \u00abcompromiso\u00bb del Gobierno para que \u00ablos aumentos tarifarios siempre sean inferiores a la evoluci\u00f3n de los salarios\u00bb.<\/p>\n\n\n\n<p>A su vez, Positino se\u00f1al\u00f3 en su exposici\u00f3n que en 2021, en un contexto de crecimiento de la demanda y la generaci\u00f3n, hubo una emergencia h\u00eddrica caracterizada por la bajante m\u00e1s aguda del caudal del r\u00edo Paran\u00e1 en 77 a\u00f1os. En consecuencia, la generaci\u00f3n de energ\u00eda hidroel\u00e9ctrica cay\u00f3 17,1% y debi\u00f3 recurrirse a una mayor generaci\u00f3n t\u00e9rmica (con un mayor consumo de combustibles, que en el caso del gasoil creci\u00f3 un 137%) y, en menor medida, por energ\u00edas renovables.<\/p>\n\n\n\n<p>\u00abPor estas circunstancias se prev\u00e9 que los costos aumenten en 2022 respecto de 2021\u00bb, advirti\u00f3 el funcionario.<\/p>\n\n\n\n<p>Asimismo, puntualiz\u00f3 que si los subsidios a la energ\u00eda el\u00e9ctrica aumentaron en 2021 fue \u00abprincipalmente por los costos de generaci\u00f3n, debido a la devaluaci\u00f3n y el precio de los combustibles\u00bb, que representaron un valor adicional de $ 394.326 millones.<\/p>\n\n\n\n<p>En ese sentido, indic\u00f3 que para afrontar esos mayores costos \u00ablas 17 distribuidoras m\u00e1s grandes del pa\u00eds aumentaron en 2021 sus tarifas en un promedio del 23%\u00bb.<\/p>\n\n\n\n<p>Por otra parte, Positino asegur\u00f3 que si en febrero de 2021 se hubiera otorgado un incremento del 40% en la tarifa final de los usuarios \u00ablos subsidios habr\u00edan disminuido un 16%\u00bb.<\/p>\n","protected":false},"excerpt":{"rendered":"<p>Seg\u00fan aseguraron desde el Gobierno, el aumento en las tarifas de gas para usuarios residenciales a partir de marzo ser\u00e1 de entre\u00a019% y 20%, en tanto que las subas para las distribuidoras son del 36%. El Gobierno autoriz\u00f3 un aumento de entre\u00a019% y 20%\u00a0en las tarifas de gas para usuarios residenciales a partir de marzo, [&hellip;]<\/p>\n","protected":false},"author":4,"featured_media":104480,"comment_status":"closed","ping_status":"closed","sticky":false,"template":"","format":"standard","meta":{"om_disable_all_campaigns":false,"_jetpack_memberships_contains_paid_content":false,"footnotes":""},"categories":[101,2],"tags":[197,696,33,19],"class_list":["post-104479","post","type-post","status-publish","format-standard","has-post-thumbnail","hentry","category-interes-general-locales","category-locales","tag-buenos-aires","tag-interes-general","tag-locales","tag-san-pedro"],"aioseo_notices":[],"gutentor_comment":0,"jetpack_featured_media_url":"https:\/\/eldiariodesanpedro.com.ar\/sitio\/wp-content\/uploads\/2022\/02\/141201_3.jpg","jetpack_shortlink":"https:\/\/wp.me\/p6RhLt-rb9","jetpack_sharing_enabled":true,"_links":{"self":[{"href":"https:\/\/eldiariodesanpedro.com.ar\/sitio\/wp-json\/wp\/v2\/posts\/104479","targetHints":{"allow":["GET"]}}],"collection":[{"href":"https:\/\/eldiariodesanpedro.com.ar\/sitio\/wp-json\/wp\/v2\/posts"}],"about":[{"href":"https:\/\/eldiariodesanpedro.com.ar\/sitio\/wp-json\/wp\/v2\/types\/post"}],"author":[{"embeddable":true,"href":"https:\/\/eldiariodesanpedro.com.ar\/sitio\/wp-json\/wp\/v2\/users\/4"}],"replies":[{"embeddable":true,"href":"https:\/\/eldiariodesanpedro.com.ar\/sitio\/wp-json\/wp\/v2\/comments?post=104479"}],"version-history":[{"count":1,"href":"https:\/\/eldiariodesanpedro.com.ar\/sitio\/wp-json\/wp\/v2\/posts\/104479\/revisions"}],"predecessor-version":[{"id":104481,"href":"https:\/\/eldiariodesanpedro.com.ar\/sitio\/wp-json\/wp\/v2\/posts\/104479\/revisions\/104481"}],"wp:featuredmedia":[{"embeddable":true,"href":"https:\/\/eldiariodesanpedro.com.ar\/sitio\/wp-json\/wp\/v2\/media\/104480"}],"wp:attachment":[{"href":"https:\/\/eldiariodesanpedro.com.ar\/sitio\/wp-json\/wp\/v2\/media?parent=104479"}],"wp:term":[{"taxonomy":"category","embeddable":true,"href":"https:\/\/eldiariodesanpedro.com.ar\/sitio\/wp-json\/wp\/v2\/categories?post=104479"},{"taxonomy":"post_tag","embeddable":true,"href":"https:\/\/eldiariodesanpedro.com.ar\/sitio\/wp-json\/wp\/v2\/tags?post=104479"}],"curies":[{"name":"wp","href":"https:\/\/api.w.org\/{rel}","templated":true}]}}