{"id":104477,"date":"2022-02-24T11:24:42","date_gmt":"2022-02-24T14:24:42","guid":{"rendered":"https:\/\/eldiariodesanpedro.com.ar\/sitio\/?p=104477"},"modified":"2022-02-24T11:24:42","modified_gmt":"2022-02-24T14:24:42","slug":"el-gobernador-anuncio-tercera-dosis-libre-para-mayores-de-18-anos","status":"publish","type":"post","link":"https:\/\/eldiariodesanpedro.com.ar\/sitio\/el-gobernador-anuncio-tercera-dosis-libre-para-mayores-de-18-anos\/","title":{"rendered":"<strong>El Gobernador anunci\u00f3 tercera dosis libre para mayores de 18 a\u00f1os<\/strong>"},"content":{"rendered":"<!-- VideographyWP Plugin Message: Automatic video embedding prevented by plugin options. -->\n\n<p>Ser\u00e1 a partir de ma\u00f1ana en todo el territorio bonaerense para quienes hayan cumplido cuatro meses de aplicaci\u00f3n de la segunda dosis.<\/p>\n\n\n\n<p>En el marco de una nueva conferencia de prensa de verano, esta vez desde Tornquist, el gobernador Axel Kicillof anunci\u00f3 que a partir de este mi\u00e9rcoles 23 de febrero habr\u00e1 tercera dosis libre para los mayores de 18 a\u00f1os.<br><br>La medida regir\u00e1 en todos los vacunatorios de la provincia de Buenos Aires para quienes hayan cumplido al menos cuatro meses desde la aplicaci\u00f3n de la segunda dosis.<br><br>\u00abEste es el resultado de la solidaridad. No he visto un solo intendente que sea anitvacuna y anticuidado. El que est\u00e1 en territorio y enfrenta la pandemia, c\u00f3mo va a estar en contra de la vacuna. La vacuna salv\u00f3 miles de millones de vidas. Le quiero agradecer a nuestro pueblo\u00bb, sentenci\u00f3 el mandatario.<br><br>Cabe recordar que este viernes 25 de febrero -en el comienzo del feriado de carnaval- se llevar\u00e1 adelante una nueva jornada de \u00abla Noche de las Vacunas\u00bb, con 130 postas en distintos puntos de la Provincia que funcionar\u00e1n de 20 a 00 horas.<br><br>Durante la primera edici\u00f3n se inocul\u00f3 a 26.702 personas en cuatro horas, de las cuales 10.387 fueron primeras dosis, 10.681 segundas y 5.634 terceras y de refuerzo. El grupo de 3 a 11 a\u00f1os fue el que m\u00e1s inici\u00f3 esquemas de vacunaci\u00f3n.&nbsp;<\/p>\n","protected":false},"excerpt":{"rendered":"<p>Ser\u00e1 a partir de ma\u00f1ana en todo el territorio bonaerense para quienes hayan cumplido cuatro meses de aplicaci\u00f3n de la segunda dosis. En el marco de una nueva conferencia de prensa de verano, esta vez desde Tornquist, el gobernador Axel Kicillof anunci\u00f3 que a partir de este mi\u00e9rcoles 23 de febrero habr\u00e1 tercera dosis libre [&hellip;]<\/p>\n","protected":false},"author":4,"featured_media":95642,"comment_status":"closed","ping_status":"closed","sticky":false,"template":"","format":"standard","meta":{"om_disable_all_campaigns":false,"_jetpack_memberships_contains_paid_content":false,"footnotes":""},"categories":[50,101,2],"tags":[197,696,33,19],"class_list":["post-104477","post","type-post","status-publish","format-standard","has-post-thumbnail","hentry","category-destacadas","category-interes-general-locales","category-locales","tag-buenos-aires","tag-interes-general","tag-locales","tag-san-pedro"],"aioseo_notices":[],"gutentor_comment":0,"jetpack_featured_media_url":"https:\/\/eldiariodesanpedro.com.ar\/sitio\/wp-content\/uploads\/2021\/07\/vacuna-librejpg.jpg","jetpack_shortlink":"https:\/\/wp.me\/p6RhLt-rb7","jetpack_sharing_enabled":true,"_links":{"self":[{"href":"https:\/\/eldiariodesanpedro.com.ar\/sitio\/wp-json\/wp\/v2\/posts\/104477","targetHints":{"allow":["GET"]}}],"collection":[{"href":"https:\/\/eldiariodesanpedro.com.ar\/sitio\/wp-json\/wp\/v2\/posts"}],"about":[{"href":"https:\/\/eldiariodesanpedro.com.ar\/sitio\/wp-json\/wp\/v2\/types\/post"}],"author":[{"embeddable":true,"href":"https:\/\/eldiariodesanpedro.com.ar\/sitio\/wp-json\/wp\/v2\/users\/4"}],"replies":[{"embeddable":true,"href":"https:\/\/eldiariodesanpedro.com.ar\/sitio\/wp-json\/wp\/v2\/comments?post=104477"}],"version-history":[{"count":1,"href":"https:\/\/eldiariodesanpedro.com.ar\/sitio\/wp-json\/wp\/v2\/posts\/104477\/revisions"}],"predecessor-version":[{"id":104478,"href":"https:\/\/eldiariodesanpedro.com.ar\/sitio\/wp-json\/wp\/v2\/posts\/104477\/revisions\/104478"}],"wp:featuredmedia":[{"embeddable":true,"href":"https:\/\/eldiariodesanpedro.com.ar\/sitio\/wp-json\/wp\/v2\/media\/95642"}],"wp:attachment":[{"href":"https:\/\/eldiariodesanpedro.com.ar\/sitio\/wp-json\/wp\/v2\/media?parent=104477"}],"wp:term":[{"taxonomy":"category","embeddable":true,"href":"https:\/\/eldiariodesanpedro.com.ar\/sitio\/wp-json\/wp\/v2\/categories?post=104477"},{"taxonomy":"post_tag","embeddable":true,"href":"https:\/\/eldiariodesanpedro.com.ar\/sitio\/wp-json\/wp\/v2\/tags?post=104477"}],"curies":[{"name":"wp","href":"https:\/\/api.w.org\/{rel}","templated":true}]}}