{"id":104454,"date":"2022-02-23T14:28:57","date_gmt":"2022-02-23T17:28:57","guid":{"rendered":"https:\/\/eldiariodesanpedro.com.ar\/sitio\/?p=104454"},"modified":"2022-02-23T14:28:57","modified_gmt":"2022-02-23T17:28:57","slug":"asamblea-anual-ordinaria-de-la-asociacion-espanola-de-socorros-mutuos-de-san-pedro","status":"publish","type":"post","link":"https:\/\/eldiariodesanpedro.com.ar\/sitio\/asamblea-anual-ordinaria-de-la-asociacion-espanola-de-socorros-mutuos-de-san-pedro\/","title":{"rendered":"Asamblea Anual Ordinaria de la Asociaci\u00f3n Espa\u00f1ola de Socorros Mutuos de San Pedro"},"content":{"rendered":"<!-- VideographyWP Plugin Message: Automatic video embedding prevented by plugin options. -->\n\n<h4 class=\"has-text-align-center wp-block-heading\"><strong>CONVOCATORIA A ASAMBLEA<\/strong> <strong>ANUAL ORDINARIA<\/strong><\/h4>\n\n\n\n<p class=\"has-text-align-right\">San Pedro, &nbsp;23 &nbsp;de febrero de 2022.<\/p>\n\n\n\n<p>En cumplimiento de lo establecido en el Art.29 de los Estatutos Sociales aprobados por INAES, por resoluci\u00f3n 038 del 21\/1\/75, citase a los se\u00f1ores socios activos de la Asociaci\u00f3n Espa\u00f1ola de Socorros Mutuos de San Pedro (B), a la ASAMBLEA ANUAL ORDINARIA de su 137\u00b0 Ejercicio a realizarse el d\u00eda viernes 25 de marzo de 2022 en su sede social de calle Bme. Mitre 876, de esta ciudad a las 19:00 hs. a fin de considerar el siguiente:<\/p>\n\n\n\n<h4 class=\"has-text-align-center wp-block-heading\">ORDEN DEL DIA<\/h4>\n\n\n\n<ol class=\"wp-block-list\" type=\"1\"><li>Lectura y aprobaci\u00f3n del Acta de la Asamblea anterior.<\/li><li>Designaci\u00f3n de dos socios para firmar el acta, juntamente con el Sr. Presidente y el Sr. Secretario. &#8211;<\/li><li>Motivos por los cuales se celebra la asamblea fuera de termino estatutario<\/li><li>Consideraci\u00f3n de la Memoria, Balance General, Estado de Resultados y Situaci\u00f3n Patrimonial, Informe de la Junta Fiscalizadora del ejercicio N\u00ba 136 al 31 de diciembre de 2021.<\/li><\/ol>\n\n\n\n<p class=\"has-text-align-center\"><strong>MARCELA ORTIZ\u00a0\u00a0 \u00a0\u00a0\u00a0\u00a0\u00a0\u00a0\u00a0\u00a0\u00a0\u00a0\u00a0\u00a0\u00a0\u00a0\u00a0\u00a0\u00a0\u00a0ROBERTO MASANES\u00a0\u00a0\u00a0\u00a0\u00a0\u00a0\u00a0\u00a0\u00a0\u00a0\u00a0\u00a0\u00a0\u00a0 \u00a0\u00a0\u00a0\u00a0\u00a0RODOLFO CALVERAS<\/strong> <br><strong> SECRETARIO        \u00a0\u00a0\u00a0\u00a0\u00a0\u00a0\u00a0\u00a0 \u00a0\u00a0\u00a0\u00a0\u00a0\u00a0\u00a0\u00a0\u00a0\u00a0\u00a0\u00a0\u00a0\u00a0\u00a0TESORERO\u00a0\u00a0\u00a0\u00a0\u00a0\u00a0\u00a0\u00a0\u00a0\u00a0\u00a0\u00a0\u00a0\u00a0\u00a0\u00a0\u00a0\u00a0\u00a0\u00a0\u00a0\u00a0\u00a0\u00a0\u00a0\u00a0 \u00a0\u00a0\u00a0\u00a0\u00a0\u00a0\u00a0\u00a0\u00a0\u00a0\u00a0PRESIDENTE<\/strong><\/p>\n","protected":false},"excerpt":{"rendered":"<p>CONVOCATORIA A ASAMBLEA ANUAL ORDINARIA San Pedro, &nbsp;23 &nbsp;de febrero de 2022. En cumplimiento de lo establecido en el Art.29 de los Estatutos Sociales aprobados por INAES, por resoluci\u00f3n 038 del 21\/1\/75, citase a los se\u00f1ores socios activos de la Asociaci\u00f3n Espa\u00f1ola de Socorros Mutuos de San Pedro (B), a la ASAMBLEA ANUAL ORDINARIA de [&hellip;]<\/p>\n","protected":false},"author":4,"featured_media":104455,"comment_status":"closed","ping_status":"closed","sticky":false,"template":"","format":"standard","meta":{"om_disable_all_campaigns":false,"_jetpack_memberships_contains_paid_content":false,"footnotes":""},"categories":[678,676],"tags":[2734,197,2735,1121,696,1355,33,19],"class_list":["post-104454","post","type-post","status-publish","format-standard","has-post-thumbnail","hentry","category-convocatorias","category-edictos","tag-asociacion-espanola-de-socorros-mutuos-de-san-pedro","tag-buenos-aires","tag-convocatoria-a-asamblea-anual-ordinaria","tag-edicto","tag-interes-general","tag-judiciales","tag-locales","tag-san-pedro"],"aioseo_notices":[],"gutentor_comment":0,"jetpack_featured_media_url":"https:\/\/eldiariodesanpedro.com.ar\/sitio\/wp-content\/uploads\/2022\/02\/Sociedad-Espanola-Convocatoria-2022-FERBERO-2.jpg","jetpack_shortlink":"https:\/\/wp.me\/p6RhLt-raK","jetpack_sharing_enabled":true,"_links":{"self":[{"href":"https:\/\/eldiariodesanpedro.com.ar\/sitio\/wp-json\/wp\/v2\/posts\/104454","targetHints":{"allow":["GET"]}}],"collection":[{"href":"https:\/\/eldiariodesanpedro.com.ar\/sitio\/wp-json\/wp\/v2\/posts"}],"about":[{"href":"https:\/\/eldiariodesanpedro.com.ar\/sitio\/wp-json\/wp\/v2\/types\/post"}],"author":[{"embeddable":true,"href":"https:\/\/eldiariodesanpedro.com.ar\/sitio\/wp-json\/wp\/v2\/users\/4"}],"replies":[{"embeddable":true,"href":"https:\/\/eldiariodesanpedro.com.ar\/sitio\/wp-json\/wp\/v2\/comments?post=104454"}],"version-history":[{"count":1,"href":"https:\/\/eldiariodesanpedro.com.ar\/sitio\/wp-json\/wp\/v2\/posts\/104454\/revisions"}],"predecessor-version":[{"id":104456,"href":"https:\/\/eldiariodesanpedro.com.ar\/sitio\/wp-json\/wp\/v2\/posts\/104454\/revisions\/104456"}],"wp:featuredmedia":[{"embeddable":true,"href":"https:\/\/eldiariodesanpedro.com.ar\/sitio\/wp-json\/wp\/v2\/media\/104455"}],"wp:attachment":[{"href":"https:\/\/eldiariodesanpedro.com.ar\/sitio\/wp-json\/wp\/v2\/media?parent=104454"}],"wp:term":[{"taxonomy":"category","embeddable":true,"href":"https:\/\/eldiariodesanpedro.com.ar\/sitio\/wp-json\/wp\/v2\/categories?post=104454"},{"taxonomy":"post_tag","embeddable":true,"href":"https:\/\/eldiariodesanpedro.com.ar\/sitio\/wp-json\/wp\/v2\/tags?post=104454"}],"curies":[{"name":"wp","href":"https:\/\/api.w.org\/{rel}","templated":true}]}}