{"id":10445,"date":"2016-11-20T18:31:16","date_gmt":"2016-11-20T21:31:16","guid":{"rendered":"https:\/\/eldiariodesanpedro.com.ar\/sitio\/?p=10445"},"modified":"2016-11-20T18:31:16","modified_gmt":"2016-11-20T21:31:16","slug":"se-realizo-la-6a-edicion-del-encuentro-de-producciones-intensivas-bonaerenses","status":"publish","type":"post","link":"https:\/\/eldiariodesanpedro.com.ar\/sitio\/se-realizo-la-6a-edicion-del-encuentro-de-producciones-intensivas-bonaerenses\/","title":{"rendered":"Se realiz\u00f3 la 6\u00aa edici\u00f3n del Encuentro de Producciones Intensivas Bonaerenses"},"content":{"rendered":"<p><!-- VideographyWP Plugin Message: Automatic video embedding prevented by plugin options. --><br \/>\nEl encuentro se llev\u00f3 a cabo en el Complejo MANSA LYFE y fue organizado por la Federaci\u00f3n de Productores de la provincia de Buenos Aires (FEBAPRI) y la Federaci\u00f3n Econ\u00f3mica de la provincia de Buenos Aires (FEBA).<\/p>\n<p>Cabe destacar que el objetivo principal del evento es generar espacios de intercambio y contacto entre los representantes de las actividades y adem\u00e1s acercar informaci\u00f3n sobre herramientas, programas y todo tipo de facilidades que agreguen oportunidades para los productores.<\/p>\n<p>A las 11.00 tuvo lugar la apertura con el mensaje del presidente de FEBA, Alberto Kahale, del intendente de San Pedro, Cecilio Salazar, y del ministro de Agroindustria de la provincia de Buenos Aires, Leonardo Sarquis.<\/p>\n<p>Luego, al mediod\u00eda se ofreci\u00f3 una charla para presentar las \u201cHerramientas T\u00e9cnicas y Financieras del Ministerio de Agroindustria\u201d, a cargo del subsecretario de Producci\u00f3n, Econom\u00eda y Desarrollo Rural del Ministerio de Agroindustria, Miguel Tezanos Pinto. Posteriormente tuvo lugar una charla sobre la situaci\u00f3n nacional de las econom\u00edas regionales a cargo de Pablo Venengo, director ejecutivo de Econom\u00edas Regionales de CAME y luego el vicepresidente de FEBA Irineo Qui\u00f1ones coordinar\u00e1 Talleres de Actividades Productivas Sectoriales.<\/p>\n<p>Momento despu\u00e9s se llev\u00f3 a cabo un plenario para la lectura de conclusiones y a modo de cierre brindaron sus mensajes, entre otros, el presidente del Centro de Comercio, Daniel Biscia y el secretario de Desarrollo Econ\u00f3mico de la Municipalidad de San Pedro, Alfredo Camilleti.<\/p>\n","protected":false},"excerpt":{"rendered":"<p>El encuentro se llev\u00f3 a cabo en el Complejo MANSA LYFE y fue organizado por la Federaci\u00f3n de Productores de la provincia de Buenos Aires (FEBAPRI) y la Federaci\u00f3n Econ\u00f3mica de la provincia de Buenos Aires (FEBA). Cabe destacar que el objetivo principal del evento es generar espacios de intercambio y contacto entre los representantes [&hellip;]<\/p>\n","protected":false},"author":4,"featured_media":10446,"comment_status":"open","ping_status":"closed","sticky":false,"template":"","format":"standard","meta":{"om_disable_all_campaigns":false,"_jetpack_memberships_contains_paid_content":false,"footnotes":""},"categories":[101,2],"tags":[],"class_list":["post-10445","post","type-post","status-publish","format-standard","has-post-thumbnail","hentry","category-interes-general-locales","category-locales"],"aioseo_notices":[],"gutentor_comment":0,"jetpack_featured_media_url":"https:\/\/eldiariodesanpedro.com.ar\/sitio\/wp-content\/uploads\/2016\/11\/Encuentro-de-Producciones-Intensivas-Bonaerenses.jpg","jetpack_shortlink":"https:\/\/wp.me\/p6RhLt-2It","jetpack_sharing_enabled":true,"_links":{"self":[{"href":"https:\/\/eldiariodesanpedro.com.ar\/sitio\/wp-json\/wp\/v2\/posts\/10445","targetHints":{"allow":["GET"]}}],"collection":[{"href":"https:\/\/eldiariodesanpedro.com.ar\/sitio\/wp-json\/wp\/v2\/posts"}],"about":[{"href":"https:\/\/eldiariodesanpedro.com.ar\/sitio\/wp-json\/wp\/v2\/types\/post"}],"author":[{"embeddable":true,"href":"https:\/\/eldiariodesanpedro.com.ar\/sitio\/wp-json\/wp\/v2\/users\/4"}],"replies":[{"embeddable":true,"href":"https:\/\/eldiariodesanpedro.com.ar\/sitio\/wp-json\/wp\/v2\/comments?post=10445"}],"version-history":[{"count":1,"href":"https:\/\/eldiariodesanpedro.com.ar\/sitio\/wp-json\/wp\/v2\/posts\/10445\/revisions"}],"predecessor-version":[{"id":10447,"href":"https:\/\/eldiariodesanpedro.com.ar\/sitio\/wp-json\/wp\/v2\/posts\/10445\/revisions\/10447"}],"wp:featuredmedia":[{"embeddable":true,"href":"https:\/\/eldiariodesanpedro.com.ar\/sitio\/wp-json\/wp\/v2\/media\/10446"}],"wp:attachment":[{"href":"https:\/\/eldiariodesanpedro.com.ar\/sitio\/wp-json\/wp\/v2\/media?parent=10445"}],"wp:term":[{"taxonomy":"category","embeddable":true,"href":"https:\/\/eldiariodesanpedro.com.ar\/sitio\/wp-json\/wp\/v2\/categories?post=10445"},{"taxonomy":"post_tag","embeddable":true,"href":"https:\/\/eldiariodesanpedro.com.ar\/sitio\/wp-json\/wp\/v2\/tags?post=10445"}],"curies":[{"name":"wp","href":"https:\/\/api.w.org\/{rel}","templated":true}]}}