{"id":10442,"date":"2016-11-20T18:26:29","date_gmt":"2016-11-20T21:26:29","guid":{"rendered":"https:\/\/eldiariodesanpedro.com.ar\/sitio\/?p=10442"},"modified":"2016-11-20T18:26:29","modified_gmt":"2016-11-20T21:26:29","slug":"salazar-y-el-ministro-sarquis-proyectan-realizar-para-el-2017-una-expo-intensiva","status":"publish","type":"post","link":"https:\/\/eldiariodesanpedro.com.ar\/sitio\/salazar-y-el-ministro-sarquis-proyectan-realizar-para-el-2017-una-expo-intensiva\/","title":{"rendered":"Salazar y el ministro Sarquis proyectan realizar para el 2017 una Expo Intensiva"},"content":{"rendered":"<p><!-- VideographyWP Plugin Message: Automatic video embedding prevented by plugin options. --><br \/>\nLeonardo Sarqu\u00eds, ministro de Agroindustria de la provincia de Buenos Aires, visit\u00f3 el s\u00e1bado la ciudad en el marco del 6\u00ba Encuentro de Producciones Intensivas Bonaerenses (ver a parte) que se llev\u00f3 a cabo en la ciudad. Antes de ello, se reuni\u00f3 con el intendente Salazar.<\/p>\n<p>Sobre los resultados del encuentro, el mandatario comunal sostuvo: \u201cLe acabo de entregar a Leo (Sarquis) un proyecto que lo venimos trabajando tiempo atr\u00e1s con el equipo, fundamentalmente con Ariel Alvarez y Silvio Corti, para realizar ac\u00e1 en San Pedro si es posible en el a\u00f1o 2017 una Expo Intensiva\u201d. Para que que confluyan \u201cen San Pedro los peque\u00f1os y medianos productores, que son los que generan miles de puestos de trabajo\u201d, sostuvo Salazar.<\/p>\n<p>\u201cY el otro proyecto que le entregu\u00e9 es el tema de la posibilidad de declarar a San Pedro como cuenca frut\u00edcola\u201d, dijo luego.<\/p>\n<p>\u201cNosotros llegamos a tener 20 mil hect\u00e1reas y ahora tenemos 5 mil, pero queremos que eso se vuelva incentivar. Lo est\u00e1n haciendo algunos productores, fundamentalmente en la zona de Gdor. Castro\u201d, explic\u00f3 el mandatario comunal. \u201cPara nosotros es muy importante porque 100 hect\u00e1reas de durazno signfica 80 o 100 muchachos trabajando todos los d\u00edas\u201d, asever\u00f3.<\/p>\n<p>Acerca del evento que se realizar\u00eda el a\u00f1o que viene, Sarquis asever\u00f3: \u201cExpo Intensiva: yo le dije a Cecilio \u2018cont\u00e1 con nosotros\u2019, como Ministerio vamos a hacer todo lo posible para que sea el a\u00f1o que viene, seguramente cerca de mitad de a\u00f1o. Hay lugares para hacerlo, tenemos excelente relaci\u00f3n con el INTA\u201d. \u201cEs una iniciativa muy buena, no solo para la provincia de Buenos Aires, sino para el pa\u00eds\u201d, sostuvo.<\/p>\n<p>En cuanto a la posibilidad de declarar nuestra zona como cuenca frut\u00edcola, dijo: \u201cHay voluntad pol\u00edtica y desde el Ministerio vamos a intentar impulsarlo\u201d.<\/p>\n","protected":false},"excerpt":{"rendered":"<p>Leonardo Sarqu\u00eds, ministro de Agroindustria de la provincia de Buenos Aires, visit\u00f3 el s\u00e1bado la ciudad en el marco del 6\u00ba Encuentro de Producciones Intensivas Bonaerenses (ver a parte) que se llev\u00f3 a cabo en la ciudad. Antes de ello, se reuni\u00f3 con el intendente Salazar. Sobre los resultados del encuentro, el mandatario comunal sostuvo: [&hellip;]<\/p>\n","protected":false},"author":4,"featured_media":10443,"comment_status":"open","ping_status":"closed","sticky":false,"template":"","format":"standard","meta":{"om_disable_all_campaigns":false,"_jetpack_memberships_contains_paid_content":false,"footnotes":""},"categories":[50,101,2],"tags":[],"class_list":["post-10442","post","type-post","status-publish","format-standard","has-post-thumbnail","hentry","category-destacadas","category-interes-general-locales","category-locales"],"aioseo_notices":[],"gutentor_comment":0,"jetpack_featured_media_url":"https:\/\/eldiariodesanpedro.com.ar\/sitio\/wp-content\/uploads\/2016\/11\/PAGINA5.jpg","jetpack_shortlink":"https:\/\/wp.me\/p6RhLt-2Iq","jetpack_sharing_enabled":true,"_links":{"self":[{"href":"https:\/\/eldiariodesanpedro.com.ar\/sitio\/wp-json\/wp\/v2\/posts\/10442","targetHints":{"allow":["GET"]}}],"collection":[{"href":"https:\/\/eldiariodesanpedro.com.ar\/sitio\/wp-json\/wp\/v2\/posts"}],"about":[{"href":"https:\/\/eldiariodesanpedro.com.ar\/sitio\/wp-json\/wp\/v2\/types\/post"}],"author":[{"embeddable":true,"href":"https:\/\/eldiariodesanpedro.com.ar\/sitio\/wp-json\/wp\/v2\/users\/4"}],"replies":[{"embeddable":true,"href":"https:\/\/eldiariodesanpedro.com.ar\/sitio\/wp-json\/wp\/v2\/comments?post=10442"}],"version-history":[{"count":1,"href":"https:\/\/eldiariodesanpedro.com.ar\/sitio\/wp-json\/wp\/v2\/posts\/10442\/revisions"}],"predecessor-version":[{"id":10444,"href":"https:\/\/eldiariodesanpedro.com.ar\/sitio\/wp-json\/wp\/v2\/posts\/10442\/revisions\/10444"}],"wp:featuredmedia":[{"embeddable":true,"href":"https:\/\/eldiariodesanpedro.com.ar\/sitio\/wp-json\/wp\/v2\/media\/10443"}],"wp:attachment":[{"href":"https:\/\/eldiariodesanpedro.com.ar\/sitio\/wp-json\/wp\/v2\/media?parent=10442"}],"wp:term":[{"taxonomy":"category","embeddable":true,"href":"https:\/\/eldiariodesanpedro.com.ar\/sitio\/wp-json\/wp\/v2\/categories?post=10442"},{"taxonomy":"post_tag","embeddable":true,"href":"https:\/\/eldiariodesanpedro.com.ar\/sitio\/wp-json\/wp\/v2\/tags?post=10442"}],"curies":[{"name":"wp","href":"https:\/\/api.w.org\/{rel}","templated":true}]}}