{"id":104418,"date":"2022-02-23T11:48:27","date_gmt":"2022-02-23T14:48:27","guid":{"rendered":"https:\/\/eldiariodesanpedro.com.ar\/sitio\/?p=104418"},"modified":"2022-02-23T11:48:27","modified_gmt":"2022-02-23T14:48:27","slug":"un-joven-de-18-anos-aprehendido-por-golpear-a-su-pareja-de-16-anos","status":"publish","type":"post","link":"https:\/\/eldiariodesanpedro.com.ar\/sitio\/un-joven-de-18-anos-aprehendido-por-golpear-a-su-pareja-de-16-anos\/","title":{"rendered":"Un joven de 18 a\u00f1os aprehendido por golpear a su pareja de 16 a\u00f1os"},"content":{"rendered":"<!-- VideographyWP Plugin Message: Automatic video embedding prevented by plugin options. -->\n\n<p>Ayer promediando las 13:30 hs el personal policial acude a calle Mateo Sbert al 400, donde aprehende a un ciudadano de 18 a\u00f1os quien se encontraba agrediendo f\u00edsicamente a su pareja de 16 a\u00f1os.&nbsp;<\/p>\n\n\n\n<p>En el procedimiento se secuestr\u00f3 en el lugar planta de marihuana que almacenaba el aprehendido.&nbsp;<\/p>\n\n\n\n<p>La v\u00edctima sufri\u00f3 lesiones leves y fue asistida en la Comisar\u00eda de La Mujer y la Familia de San Pedro. Int. UFI 7 San Pedro.-<\/p>\n","protected":false},"excerpt":{"rendered":"<p>Ayer promediando las 13:30 hs el personal policial acude a calle Mateo Sbert al 400, donde aprehende a un ciudadano de 18 a\u00f1os quien se encontraba agrediendo f\u00edsicamente a su pareja de 16 a\u00f1os.&nbsp; En el procedimiento se secuestr\u00f3 en el lugar planta de marihuana que almacenaba el aprehendido.&nbsp; La v\u00edctima sufri\u00f3 lesiones leves y [&hellip;]<\/p>\n","protected":false},"author":4,"featured_media":104419,"comment_status":"closed","ping_status":"closed","sticky":false,"template":"","format":"standard","meta":{"om_disable_all_campaigns":false,"_jetpack_memberships_contains_paid_content":false,"footnotes":""},"categories":[50,2,103],"tags":[197,696,33,19],"class_list":["post-104418","post","type-post","status-publish","format-standard","has-post-thumbnail","hentry","category-destacadas","category-locales","category-policiales-locales","tag-buenos-aires","tag-interes-general","tag-locales","tag-san-pedro"],"aioseo_notices":[],"gutentor_comment":0,"jetpack_featured_media_url":"https:\/\/eldiariodesanpedro.com.ar\/sitio\/wp-content\/uploads\/2022\/02\/medida-13.jpg","jetpack_shortlink":"https:\/\/wp.me\/p6RhLt-raa","jetpack_sharing_enabled":true,"_links":{"self":[{"href":"https:\/\/eldiariodesanpedro.com.ar\/sitio\/wp-json\/wp\/v2\/posts\/104418","targetHints":{"allow":["GET"]}}],"collection":[{"href":"https:\/\/eldiariodesanpedro.com.ar\/sitio\/wp-json\/wp\/v2\/posts"}],"about":[{"href":"https:\/\/eldiariodesanpedro.com.ar\/sitio\/wp-json\/wp\/v2\/types\/post"}],"author":[{"embeddable":true,"href":"https:\/\/eldiariodesanpedro.com.ar\/sitio\/wp-json\/wp\/v2\/users\/4"}],"replies":[{"embeddable":true,"href":"https:\/\/eldiariodesanpedro.com.ar\/sitio\/wp-json\/wp\/v2\/comments?post=104418"}],"version-history":[{"count":1,"href":"https:\/\/eldiariodesanpedro.com.ar\/sitio\/wp-json\/wp\/v2\/posts\/104418\/revisions"}],"predecessor-version":[{"id":104420,"href":"https:\/\/eldiariodesanpedro.com.ar\/sitio\/wp-json\/wp\/v2\/posts\/104418\/revisions\/104420"}],"wp:featuredmedia":[{"embeddable":true,"href":"https:\/\/eldiariodesanpedro.com.ar\/sitio\/wp-json\/wp\/v2\/media\/104419"}],"wp:attachment":[{"href":"https:\/\/eldiariodesanpedro.com.ar\/sitio\/wp-json\/wp\/v2\/media?parent=104418"}],"wp:term":[{"taxonomy":"category","embeddable":true,"href":"https:\/\/eldiariodesanpedro.com.ar\/sitio\/wp-json\/wp\/v2\/categories?post=104418"},{"taxonomy":"post_tag","embeddable":true,"href":"https:\/\/eldiariodesanpedro.com.ar\/sitio\/wp-json\/wp\/v2\/tags?post=104418"}],"curies":[{"name":"wp","href":"https:\/\/api.w.org\/{rel}","templated":true}]}}