{"id":104408,"date":"2022-02-23T11:06:44","date_gmt":"2022-02-23T14:06:44","guid":{"rendered":"https:\/\/eldiariodesanpedro.com.ar\/sitio\/?p=104408"},"modified":"2022-02-23T11:07:33","modified_gmt":"2022-02-23T14:07:33","slug":"continuan-los-operativos-estrictos-con-las-motocicletas-y-os-automoviles","status":"publish","type":"post","link":"https:\/\/eldiariodesanpedro.com.ar\/sitio\/continuan-los-operativos-estrictos-con-las-motocicletas-y-os-automoviles\/","title":{"rendered":"Contin\u00faan los operativos estrictos con las motocicletas y los automoviles"},"content":{"rendered":"<!-- VideographyWP Plugin Message: Automatic video embedding prevented by plugin options. -->\n\n<p>Desde la vuelta de Angel Burgos y el cambio de Secreatrio de Seguridad Diego Solanas, los controles de transitos y en la nocturnidad aumentaron de una importante manera para poder regularizar la situacion en San Pedro con el descontrol. <\/p>\n\n\n\n<p>La Direcci\u00f3n de Tr\u00e1nsito y Nocturnidad de la Municipalidad de San Pedro comparte un resumen de las intervenciones realizadas durante el operativo llevado a cabo en la ma\u00f1ana del lunes en la intersecci\u00f3n de las calles San Mart\u00edn y Pellegrini donde se incautaron 12 motos, 6 regularizadas por falta de casco y 2 autos.<\/p>\n\n\n\n<p>El martes por su parte un resumen de las intervenciones realizadas en el operativo llevado a cabo durante la noche del martes en la intersecci\u00f3n de las calles Col\u00f3n y Pellegrini donde se incautaron 12 motos, 10 motos regularizadas por falta de casco y 1 autom\u00f3vil retenido por falta de documentaci\u00f3n.<\/p>\n\n\n\n<figure class=\"wp-block-image size-full\"><img decoding=\"async\" width=\"840\" height=\"630\" data-attachment-id=\"104411\" data-permalink=\"https:\/\/eldiariodesanpedro.com.ar\/sitio\/continuan-los-operativos-estrictos-con-las-motocicletas-y-os-automoviles\/whatsapp-image-2022-02-22-at-15-43-24\/\" data-orig-file=\"https:\/\/eldiariodesanpedro.com.ar\/sitio\/wp-content\/uploads\/2022\/02\/WhatsApp-Image-2022-02-22-at-15.43.24.jpeg\" data-orig-size=\"840,630\" data-comments-opened=\"0\" data-image-meta=\"{&quot;aperture&quot;:&quot;0&quot;,&quot;credit&quot;:&quot;&quot;,&quot;camera&quot;:&quot;&quot;,&quot;caption&quot;:&quot;&quot;,&quot;created_timestamp&quot;:&quot;0&quot;,&quot;copyright&quot;:&quot;&quot;,&quot;focal_length&quot;:&quot;0&quot;,&quot;iso&quot;:&quot;0&quot;,&quot;shutter_speed&quot;:&quot;0&quot;,&quot;title&quot;:&quot;&quot;,&quot;orientation&quot;:&quot;0&quot;}\" data-image-title=\"WhatsApp Image 2022-02-22 at 15.43.24\" data-image-description=\"\" data-image-caption=\"\" data-large-file=\"https:\/\/eldiariodesanpedro.com.ar\/sitio\/wp-content\/uploads\/2022\/02\/WhatsApp-Image-2022-02-22-at-15.43.24.jpeg\" data-src=\"https:\/\/eldiariodesanpedro.com.ar\/sitio\/wp-content\/uploads\/2022\/02\/WhatsApp-Image-2022-02-22-at-15.43.24.jpeg\" alt=\"\" class=\"wp-image-104411 lazyload\" data-srcset=\"https:\/\/eldiariodesanpedro.com.ar\/sitio\/wp-content\/uploads\/2022\/02\/WhatsApp-Image-2022-02-22-at-15.43.24.jpeg 840w, https:\/\/eldiariodesanpedro.com.ar\/sitio\/wp-content\/uploads\/2022\/02\/WhatsApp-Image-2022-02-22-at-15.43.24-300x225.jpeg 300w, https:\/\/eldiariodesanpedro.com.ar\/sitio\/wp-content\/uploads\/2022\/02\/WhatsApp-Image-2022-02-22-at-15.43.24-768x576.jpeg 768w\" data-sizes=\"(max-width: 840px) 100vw, 840px\" src=\"data:image\/svg+xml;base64,PHN2ZyB3aWR0aD0iMSIgaGVpZ2h0PSIxIiB4bWxucz0iaHR0cDovL3d3dy53My5vcmcvMjAwMC9zdmciPjwvc3ZnPg==\" style=\"--smush-placeholder-width: 840px; --smush-placeholder-aspect-ratio: 840\/630;\" \/><\/figure>\n\n\n\n<figure class=\"wp-block-image size-full\"><img decoding=\"async\" width=\"840\" height=\"630\" data-attachment-id=\"104412\" data-permalink=\"https:\/\/eldiariodesanpedro.com.ar\/sitio\/continuan-los-operativos-estrictos-con-las-motocicletas-y-os-automoviles\/whatsapp-image-2022-02-22-at-15-43-25\/\" data-orig-file=\"https:\/\/eldiariodesanpedro.com.ar\/sitio\/wp-content\/uploads\/2022\/02\/WhatsApp-Image-2022-02-22-at-15.43.25.jpeg\" data-orig-size=\"840,630\" data-comments-opened=\"0\" data-image-meta=\"{&quot;aperture&quot;:&quot;0&quot;,&quot;credit&quot;:&quot;&quot;,&quot;camera&quot;:&quot;&quot;,&quot;caption&quot;:&quot;&quot;,&quot;created_timestamp&quot;:&quot;0&quot;,&quot;copyright&quot;:&quot;&quot;,&quot;focal_length&quot;:&quot;0&quot;,&quot;iso&quot;:&quot;0&quot;,&quot;shutter_speed&quot;:&quot;0&quot;,&quot;title&quot;:&quot;&quot;,&quot;orientation&quot;:&quot;0&quot;}\" data-image-title=\"WhatsApp Image 2022-02-22 at 15.43.25\" data-image-description=\"\" data-image-caption=\"\" data-large-file=\"https:\/\/eldiariodesanpedro.com.ar\/sitio\/wp-content\/uploads\/2022\/02\/WhatsApp-Image-2022-02-22-at-15.43.25.jpeg\" data-src=\"https:\/\/eldiariodesanpedro.com.ar\/sitio\/wp-content\/uploads\/2022\/02\/WhatsApp-Image-2022-02-22-at-15.43.25.jpeg\" alt=\"\" class=\"wp-image-104412 lazyload\" data-srcset=\"https:\/\/eldiariodesanpedro.com.ar\/sitio\/wp-content\/uploads\/2022\/02\/WhatsApp-Image-2022-02-22-at-15.43.25.jpeg 840w, https:\/\/eldiariodesanpedro.com.ar\/sitio\/wp-content\/uploads\/2022\/02\/WhatsApp-Image-2022-02-22-at-15.43.25-300x225.jpeg 300w, https:\/\/eldiariodesanpedro.com.ar\/sitio\/wp-content\/uploads\/2022\/02\/WhatsApp-Image-2022-02-22-at-15.43.25-768x576.jpeg 768w\" data-sizes=\"(max-width: 840px) 100vw, 840px\" src=\"data:image\/svg+xml;base64,PHN2ZyB3aWR0aD0iMSIgaGVpZ2h0PSIxIiB4bWxucz0iaHR0cDovL3d3dy53My5vcmcvMjAwMC9zdmciPjwvc3ZnPg==\" style=\"--smush-placeholder-width: 840px; --smush-placeholder-aspect-ratio: 840\/630;\" \/><\/figure>\n\n\n\n<figure class=\"wp-block-image size-full\"><img decoding=\"async\" width=\"840\" height=\"630\" data-attachment-id=\"104409\" data-permalink=\"https:\/\/eldiariodesanpedro.com.ar\/sitio\/continuan-los-operativos-estrictos-con-las-motocicletas-y-os-automoviles\/whatsapp-image-2022-02-22-at-15-43-21\/\" data-orig-file=\"https:\/\/eldiariodesanpedro.com.ar\/sitio\/wp-content\/uploads\/2022\/02\/WhatsApp-Image-2022-02-22-at-15.43.21.jpeg\" data-orig-size=\"840,630\" data-comments-opened=\"0\" data-image-meta=\"{&quot;aperture&quot;:&quot;0&quot;,&quot;credit&quot;:&quot;&quot;,&quot;camera&quot;:&quot;&quot;,&quot;caption&quot;:&quot;&quot;,&quot;created_timestamp&quot;:&quot;0&quot;,&quot;copyright&quot;:&quot;&quot;,&quot;focal_length&quot;:&quot;0&quot;,&quot;iso&quot;:&quot;0&quot;,&quot;shutter_speed&quot;:&quot;0&quot;,&quot;title&quot;:&quot;&quot;,&quot;orientation&quot;:&quot;0&quot;}\" data-image-title=\"WhatsApp Image 2022-02-22 at 15.43.21\" data-image-description=\"\" data-image-caption=\"\" data-large-file=\"https:\/\/eldiariodesanpedro.com.ar\/sitio\/wp-content\/uploads\/2022\/02\/WhatsApp-Image-2022-02-22-at-15.43.21.jpeg\" data-src=\"https:\/\/eldiariodesanpedro.com.ar\/sitio\/wp-content\/uploads\/2022\/02\/WhatsApp-Image-2022-02-22-at-15.43.21.jpeg\" alt=\"\" class=\"wp-image-104409 lazyload\" data-srcset=\"https:\/\/eldiariodesanpedro.com.ar\/sitio\/wp-content\/uploads\/2022\/02\/WhatsApp-Image-2022-02-22-at-15.43.21.jpeg 840w, https:\/\/eldiariodesanpedro.com.ar\/sitio\/wp-content\/uploads\/2022\/02\/WhatsApp-Image-2022-02-22-at-15.43.21-300x225.jpeg 300w, https:\/\/eldiariodesanpedro.com.ar\/sitio\/wp-content\/uploads\/2022\/02\/WhatsApp-Image-2022-02-22-at-15.43.21-768x576.jpeg 768w\" data-sizes=\"(max-width: 840px) 100vw, 840px\" src=\"data:image\/svg+xml;base64,PHN2ZyB3aWR0aD0iMSIgaGVpZ2h0PSIxIiB4bWxucz0iaHR0cDovL3d3dy53My5vcmcvMjAwMC9zdmciPjwvc3ZnPg==\" style=\"--smush-placeholder-width: 840px; --smush-placeholder-aspect-ratio: 840\/630;\" \/><\/figure>\n","protected":false},"excerpt":{"rendered":"<p>Desde la vuelta de Angel Burgos y el cambio de Secreatrio de Seguridad Diego Solanas, los controles de transitos y en la nocturnidad aumentaron de una importante manera para poder regularizar la situacion en San Pedro con el descontrol. La Direcci\u00f3n de Tr\u00e1nsito y Nocturnidad de la Municipalidad de San Pedro comparte un resumen de [&hellip;]<\/p>\n","protected":false},"author":4,"featured_media":104410,"comment_status":"closed","ping_status":"closed","sticky":false,"template":"","format":"standard","meta":{"om_disable_all_campaigns":false,"_jetpack_memberships_contains_paid_content":false,"footnotes":""},"categories":[50,101,2],"tags":[197,696,33,19],"class_list":["post-104408","post","type-post","status-publish","format-standard","has-post-thumbnail","hentry","category-destacadas","category-interes-general-locales","category-locales","tag-buenos-aires","tag-interes-general","tag-locales","tag-san-pedro"],"aioseo_notices":[],"gutentor_comment":0,"jetpack_featured_media_url":"https:\/\/eldiariodesanpedro.com.ar\/sitio\/wp-content\/uploads\/2022\/02\/WhatsApp-Image-2022-02-22-at-15.43.23.jpeg","jetpack_shortlink":"https:\/\/wp.me\/p6RhLt-ra0","jetpack_sharing_enabled":true,"_links":{"self":[{"href":"https:\/\/eldiariodesanpedro.com.ar\/sitio\/wp-json\/wp\/v2\/posts\/104408","targetHints":{"allow":["GET"]}}],"collection":[{"href":"https:\/\/eldiariodesanpedro.com.ar\/sitio\/wp-json\/wp\/v2\/posts"}],"about":[{"href":"https:\/\/eldiariodesanpedro.com.ar\/sitio\/wp-json\/wp\/v2\/types\/post"}],"author":[{"embeddable":true,"href":"https:\/\/eldiariodesanpedro.com.ar\/sitio\/wp-json\/wp\/v2\/users\/4"}],"replies":[{"embeddable":true,"href":"https:\/\/eldiariodesanpedro.com.ar\/sitio\/wp-json\/wp\/v2\/comments?post=104408"}],"version-history":[{"count":2,"href":"https:\/\/eldiariodesanpedro.com.ar\/sitio\/wp-json\/wp\/v2\/posts\/104408\/revisions"}],"predecessor-version":[{"id":104417,"href":"https:\/\/eldiariodesanpedro.com.ar\/sitio\/wp-json\/wp\/v2\/posts\/104408\/revisions\/104417"}],"wp:featuredmedia":[{"embeddable":true,"href":"https:\/\/eldiariodesanpedro.com.ar\/sitio\/wp-json\/wp\/v2\/media\/104410"}],"wp:attachment":[{"href":"https:\/\/eldiariodesanpedro.com.ar\/sitio\/wp-json\/wp\/v2\/media?parent=104408"}],"wp:term":[{"taxonomy":"category","embeddable":true,"href":"https:\/\/eldiariodesanpedro.com.ar\/sitio\/wp-json\/wp\/v2\/categories?post=104408"},{"taxonomy":"post_tag","embeddable":true,"href":"https:\/\/eldiariodesanpedro.com.ar\/sitio\/wp-json\/wp\/v2\/tags?post=104408"}],"curies":[{"name":"wp","href":"https:\/\/api.w.org\/{rel}","templated":true}]}}