{"id":104405,"date":"2022-02-23T10:57:23","date_gmt":"2022-02-23T13:57:23","guid":{"rendered":"https:\/\/eldiariodesanpedro.com.ar\/sitio\/?p=104405"},"modified":"2022-02-23T10:57:23","modified_gmt":"2022-02-23T13:57:23","slug":"reunion-en-la-subsecretaria-de-politicas-sociales-en-el-ministerio-de-desarrollo-de-la-comunidad-por-la-creacion-de-centros-juveniles","status":"publish","type":"post","link":"https:\/\/eldiariodesanpedro.com.ar\/sitio\/reunion-en-la-subsecretaria-de-politicas-sociales-en-el-ministerio-de-desarrollo-de-la-comunidad-por-la-creacion-de-centros-juveniles\/","title":{"rendered":"Reuni\u00f3n en la Subsecretaria de Pol\u00edticas Sociales en el Ministerio de Desarrollo de la Comunidad por la creaci\u00f3n de Centros Juveniles"},"content":{"rendered":"<!-- VideographyWP Plugin Message: Automatic video embedding prevented by plugin options. -->\n\n<p>El martes se llev\u00f3 a cabo un encuentro en la Subsecretaria de Pol\u00edticas Sociales del Ministerio de Desarrollo Comunitario del que formaron parte la Subsecretaria Juliana Petreigne, el integrante del directorio de Trenes Argentinos Cargas Cecilio Salazar, el Secretario de Desarrollo Humano de la Municipalidad de San Pedro Walter S\u00e1nchez y como parte de su equipo Alejandra Fagnano.<\/p>\n\n\n\n<p>El motivo fundamental fue la presentaci\u00f3n del proyecto, destinado a la creaci\u00f3n de centros Juveniles en la ciudad y las localidades, impulsado por el Secretario de Desarrollo Humano en el que se viene realizando un relevamiento en los diferentes territorios, con el objetivo de detectar necesidades espec\u00edficas y localizar posibles espacios comunitarios que, mediante su puesta en valor, sean viables para la instalaci\u00f3n de sedes donde puedan desarrollarse diversas actividades, como talleres, cursos, capacitaciones profesionales, tendientes a potenciar el crecimiento, el bienestar y la inserci\u00f3n socio laboral de los j\u00f3venes.<\/p>\n","protected":false},"excerpt":{"rendered":"<p>El martes se llev\u00f3 a cabo un encuentro en la Subsecretaria de Pol\u00edticas Sociales del Ministerio de Desarrollo Comunitario del que formaron parte la Subsecretaria Juliana Petreigne, el integrante del directorio de Trenes Argentinos Cargas Cecilio Salazar, el Secretario de Desarrollo Humano de la Municipalidad de San Pedro Walter S\u00e1nchez y como parte de su [&hellip;]<\/p>\n","protected":false},"author":4,"featured_media":104406,"comment_status":"closed","ping_status":"closed","sticky":false,"template":"","format":"standard","meta":{"om_disable_all_campaigns":false,"_jetpack_memberships_contains_paid_content":false,"footnotes":""},"categories":[50,101,2],"tags":[197,696,33,19],"class_list":["post-104405","post","type-post","status-publish","format-standard","has-post-thumbnail","hentry","category-destacadas","category-interes-general-locales","category-locales","tag-buenos-aires","tag-interes-general","tag-locales","tag-san-pedro"],"aioseo_notices":[],"gutentor_comment":0,"jetpack_featured_media_url":"https:\/\/eldiariodesanpedro.com.ar\/sitio\/wp-content\/uploads\/2022\/02\/WhatsApp-Image-2022-02-23-at-10.48.03.jpeg","jetpack_shortlink":"https:\/\/wp.me\/p6RhLt-r9X","jetpack_sharing_enabled":true,"_links":{"self":[{"href":"https:\/\/eldiariodesanpedro.com.ar\/sitio\/wp-json\/wp\/v2\/posts\/104405","targetHints":{"allow":["GET"]}}],"collection":[{"href":"https:\/\/eldiariodesanpedro.com.ar\/sitio\/wp-json\/wp\/v2\/posts"}],"about":[{"href":"https:\/\/eldiariodesanpedro.com.ar\/sitio\/wp-json\/wp\/v2\/types\/post"}],"author":[{"embeddable":true,"href":"https:\/\/eldiariodesanpedro.com.ar\/sitio\/wp-json\/wp\/v2\/users\/4"}],"replies":[{"embeddable":true,"href":"https:\/\/eldiariodesanpedro.com.ar\/sitio\/wp-json\/wp\/v2\/comments?post=104405"}],"version-history":[{"count":1,"href":"https:\/\/eldiariodesanpedro.com.ar\/sitio\/wp-json\/wp\/v2\/posts\/104405\/revisions"}],"predecessor-version":[{"id":104407,"href":"https:\/\/eldiariodesanpedro.com.ar\/sitio\/wp-json\/wp\/v2\/posts\/104405\/revisions\/104407"}],"wp:featuredmedia":[{"embeddable":true,"href":"https:\/\/eldiariodesanpedro.com.ar\/sitio\/wp-json\/wp\/v2\/media\/104406"}],"wp:attachment":[{"href":"https:\/\/eldiariodesanpedro.com.ar\/sitio\/wp-json\/wp\/v2\/media?parent=104405"}],"wp:term":[{"taxonomy":"category","embeddable":true,"href":"https:\/\/eldiariodesanpedro.com.ar\/sitio\/wp-json\/wp\/v2\/categories?post=104405"},{"taxonomy":"post_tag","embeddable":true,"href":"https:\/\/eldiariodesanpedro.com.ar\/sitio\/wp-json\/wp\/v2\/tags?post=104405"}],"curies":[{"name":"wp","href":"https:\/\/api.w.org\/{rel}","templated":true}]}}