{"id":104401,"date":"2022-02-23T10:26:51","date_gmt":"2022-02-23T13:26:51","guid":{"rendered":"https:\/\/eldiariodesanpedro.com.ar\/sitio\/?p=104401"},"modified":"2022-02-23T10:26:52","modified_gmt":"2022-02-23T13:26:52","slug":"femicidio-de-maria-esperanza-el-3-de-marzo-se-conocera-la-sentencia-de-romero%ef%bf%bc","status":"publish","type":"post","link":"https:\/\/eldiariodesanpedro.com.ar\/sitio\/femicidio-de-maria-esperanza-el-3-de-marzo-se-conocera-la-sentencia-de-romero%ef%bf%bc\/","title":{"rendered":"Femicidio de Mar\u00eda Esperanza: El 3 de marzo se conocer\u00e1 la sentencia de Romero\ufffc"},"content":{"rendered":"<!-- VideographyWP Plugin Message: Automatic video embedding prevented by plugin options. -->\n\n<p>Roberto Ram\u00f3n Romero es el femicida de Mar\u00eda Esperanza Fern\u00e1ndez, su pareja y madre de sus hijos, a quien asesin\u00f3 a mazazos. El propio imputado reconoci\u00f3 la autor\u00eda del crimen y as\u00ed lo admiti\u00f3 el defensor oficial quien sin embargo busca declarar inimputable a su defendido. La fiscala Viviana Ramos, en cambio, pidi\u00f3 la pena de prisi\u00f3n perpetua, la m\u00e1xima del C\u00f3digo Penal.<\/p>\n\n\n\n<p>Durante&nbsp;<strong>tres jornadas se desarroll\u00f3 en San Nicol\u00e1s el juicio oral por el femicidio de Mar\u00eda Esperanza Fern\u00e1ndez<\/strong>, asesinada a mazazos en mayo de 2020 por&nbsp;<strong>Roberto Ram\u00f3n Romero.<\/strong>&nbsp;El&nbsp;<strong>tribunal oral criminal 2 de San Nicol\u00e1s<\/strong>, compuesto por Mar\u00eda Elena Baquedano, Alejandro Gabriel L\u00f3pez y Mar\u00eda Bel\u00e9n Ocariz, ser\u00e1 el encargado de determinar la pena que le cabe al \u00fanico imputado.<\/p>\n\n\n\n<p>La car\u00e1tula de la causa y por la que Romero llega al juicio es la de<strong>&nbsp;\u00abhomicidio triplemente agravado por la relaci\u00f3n de convivencia, por ensa\u00f1amiento y por mediar violencia de g\u00e9nero\u00bb<\/strong>.&nbsp;<strong>El propio defensor oficial de Romero reconoci\u00f3 la autor\u00eda del imputado en el hecho<\/strong>, sin embargo busc\u00f3 demostrar a lo largo de las audiencias y con sus interpelaciones a las y los testigos que Romero era inimputable.&nbsp;<\/p>\n\n\n\n<p>La&nbsp;<strong>fiscala Viviana Ramos<\/strong>, titular de la UFI 11 e instructora de la causa, por su parte,&nbsp;<strong>solicit\u00f3 la pena de prisi\u00f3n perpetua para Romero, la m\u00e1xima del C\u00f3digo Penal<\/strong>, y aport\u00f3 como testigos a las hijas de la v\u00edctima y el imputado, incluyendo a quien denunci\u00f3 a su padre por&nbsp;<strong>abusos sexuales reiterados, delitos que ser\u00e1n juzgados en un juicio a\u00fan en instrucci\u00f3n<\/strong>.<\/p>\n\n\n\n<p><strong>El pr\u00f3ximo jueves 3 de marzo, a las 12.00<\/strong>, tras los alegatos escuchados por el tribunal este lunes 21, ser\u00e1 la fecha de la&nbsp;<strong>lectura de la sentencia para Romero<\/strong>, que lleg\u00f3 al juicio detenido, tras haber sido apresado por la Polic\u00eda seis d\u00edas despu\u00e9s del crimen.&nbsp;<\/p>\n\n\n\n<p>Durante la primera audiencia del juicio, y tras ser interpelado por una de sus hijas, Romero reconoci\u00f3 saber \u00abtodo lo que hizo\u00bb.&nbsp;Fue&nbsp;<strong>Araceli, la primera en declarar, quien le pregunt\u00f3 a su padre:&nbsp;<\/strong>\u00ab<strong>\u00bfVos te das cuenta de lo que hiciste? Dejaste a cinco chicos sin su mam\u00e1\u00bb.<\/strong>&nbsp;\u00ab<strong>S\u00ed, me doy cuenta de lo que hice\u00bb, respondi\u00f3 un imp\u00e1vido Romero<\/strong>&nbsp;al que no se lo vio emocionarse en ning\u00fan momento.&nbsp;<\/p>\n","protected":false},"excerpt":{"rendered":"<p>Roberto Ram\u00f3n Romero es el femicida de Mar\u00eda Esperanza Fern\u00e1ndez, su pareja y madre de sus hijos, a quien asesin\u00f3 a mazazos. El propio imputado reconoci\u00f3 la autor\u00eda del crimen y as\u00ed lo admiti\u00f3 el defensor oficial quien sin embargo busca declarar inimputable a su defendido. La fiscala Viviana Ramos, en cambio, pidi\u00f3 la pena [&hellip;]<\/p>\n","protected":false},"author":4,"featured_media":104402,"comment_status":"closed","ping_status":"closed","sticky":false,"template":"","format":"standard","meta":{"om_disable_all_campaigns":false,"_jetpack_memberships_contains_paid_content":false,"footnotes":""},"categories":[50,101,2],"tags":[197,696,33,19],"class_list":["post-104401","post","type-post","status-publish","format-standard","has-post-thumbnail","hentry","category-destacadas","category-interes-general-locales","category-locales","tag-buenos-aires","tag-interes-general","tag-locales","tag-san-pedro"],"aioseo_notices":[],"gutentor_comment":0,"jetpack_featured_media_url":"https:\/\/eldiariodesanpedro.com.ar\/sitio\/wp-content\/uploads\/2022\/02\/romero-femicida.jpg","jetpack_shortlink":"https:\/\/wp.me\/p6RhLt-r9T","jetpack_sharing_enabled":true,"_links":{"self":[{"href":"https:\/\/eldiariodesanpedro.com.ar\/sitio\/wp-json\/wp\/v2\/posts\/104401","targetHints":{"allow":["GET"]}}],"collection":[{"href":"https:\/\/eldiariodesanpedro.com.ar\/sitio\/wp-json\/wp\/v2\/posts"}],"about":[{"href":"https:\/\/eldiariodesanpedro.com.ar\/sitio\/wp-json\/wp\/v2\/types\/post"}],"author":[{"embeddable":true,"href":"https:\/\/eldiariodesanpedro.com.ar\/sitio\/wp-json\/wp\/v2\/users\/4"}],"replies":[{"embeddable":true,"href":"https:\/\/eldiariodesanpedro.com.ar\/sitio\/wp-json\/wp\/v2\/comments?post=104401"}],"version-history":[{"count":1,"href":"https:\/\/eldiariodesanpedro.com.ar\/sitio\/wp-json\/wp\/v2\/posts\/104401\/revisions"}],"predecessor-version":[{"id":104403,"href":"https:\/\/eldiariodesanpedro.com.ar\/sitio\/wp-json\/wp\/v2\/posts\/104401\/revisions\/104403"}],"wp:featuredmedia":[{"embeddable":true,"href":"https:\/\/eldiariodesanpedro.com.ar\/sitio\/wp-json\/wp\/v2\/media\/104402"}],"wp:attachment":[{"href":"https:\/\/eldiariodesanpedro.com.ar\/sitio\/wp-json\/wp\/v2\/media?parent=104401"}],"wp:term":[{"taxonomy":"category","embeddable":true,"href":"https:\/\/eldiariodesanpedro.com.ar\/sitio\/wp-json\/wp\/v2\/categories?post=104401"},{"taxonomy":"post_tag","embeddable":true,"href":"https:\/\/eldiariodesanpedro.com.ar\/sitio\/wp-json\/wp\/v2\/tags?post=104401"}],"curies":[{"name":"wp","href":"https:\/\/api.w.org\/{rel}","templated":true}]}}