{"id":104398,"date":"2022-02-23T10:17:07","date_gmt":"2022-02-23T13:17:07","guid":{"rendered":"https:\/\/eldiariodesanpedro.com.ar\/sitio\/?p=104398"},"modified":"2022-02-23T10:17:08","modified_gmt":"2022-02-23T13:17:08","slug":"en-la-fiscalia-se-entrego-el-joven-acusado-de-apunalar-a-otro","status":"publish","type":"post","link":"https:\/\/eldiariodesanpedro.com.ar\/sitio\/en-la-fiscalia-se-entrego-el-joven-acusado-de-apunalar-a-otro\/","title":{"rendered":"En la fiscal\u00eda: Se entreg\u00f3 el joven acusado de apu\u00f1alar a otro"},"content":{"rendered":"<!-- VideographyWP Plugin Message: Automatic video embedding prevented by plugin options. -->\n\n<p>Franco R\u00edos se present\u00f3 ante el fiscal Marcelo Manso y qued\u00f3 detenido. Est\u00e1 acusado de atacar y herir con un arma blanca a un hombre con quien se hab\u00eda peleado en un pub.<\/p>\n\n\n\n<p>El joven Franco R\u00edos, quien permanec\u00eda pr\u00f3fugo desde el domingo, se entreg\u00f3 en la fiscal\u00eda 7 del Dr. Marcelo Manso y qued\u00f3 a disposici\u00f3n de la justicia.<\/p>\n\n\n\n<p>El acusado es el principal acusado de aplicarle 4 puntazos a Rosendo Cruz Machado, de 33 a\u00f1os, quien el s\u00e1bado ingres\u00f3 al hospital proveniente de la zona c\u00e9ntrica.<\/p>\n\n\n\n<p>R\u00edos y Machado se hab\u00edan peleado en el interior del pub Fabbro y una vez afuera volvieron a enfrentarse para terminar con uno de ellos gravemente herido.<\/p>\n\n\n\n<p>Adem\u00e1s de esta causa, R\u00edos se encontraba cumpliendo una medida de arresto domiciliario por un hecho cometido hace dos a\u00f1os y por el cual ahora deber\u00e1 regresar a la c\u00e1rcel.<\/p>\n","protected":false},"excerpt":{"rendered":"<p>Franco R\u00edos se present\u00f3 ante el fiscal Marcelo Manso y qued\u00f3 detenido. Est\u00e1 acusado de atacar y herir con un arma blanca a un hombre con quien se hab\u00eda peleado en un pub. El joven Franco R\u00edos, quien permanec\u00eda pr\u00f3fugo desde el domingo, se entreg\u00f3 en la fiscal\u00eda 7 del Dr. Marcelo Manso y qued\u00f3 [&hellip;]<\/p>\n","protected":false},"author":4,"featured_media":104399,"comment_status":"closed","ping_status":"closed","sticky":false,"template":"","format":"standard","meta":{"om_disable_all_campaigns":false,"_jetpack_memberships_contains_paid_content":false,"footnotes":""},"categories":[50,101,2],"tags":[197,33,95,19],"class_list":["post-104398","post","type-post","status-publish","format-standard","has-post-thumbnail","hentry","category-destacadas","category-interes-general-locales","category-locales","tag-buenos-aires","tag-locales","tag-policiales","tag-san-pedro"],"aioseo_notices":[],"gutentor_comment":0,"jetpack_featured_media_url":"https:\/\/eldiariodesanpedro.com.ar\/sitio\/wp-content\/uploads\/2022\/02\/0000020712-resized-1920x1080-1.jpg","jetpack_shortlink":"https:\/\/wp.me\/p6RhLt-r9Q","jetpack_sharing_enabled":true,"_links":{"self":[{"href":"https:\/\/eldiariodesanpedro.com.ar\/sitio\/wp-json\/wp\/v2\/posts\/104398","targetHints":{"allow":["GET"]}}],"collection":[{"href":"https:\/\/eldiariodesanpedro.com.ar\/sitio\/wp-json\/wp\/v2\/posts"}],"about":[{"href":"https:\/\/eldiariodesanpedro.com.ar\/sitio\/wp-json\/wp\/v2\/types\/post"}],"author":[{"embeddable":true,"href":"https:\/\/eldiariodesanpedro.com.ar\/sitio\/wp-json\/wp\/v2\/users\/4"}],"replies":[{"embeddable":true,"href":"https:\/\/eldiariodesanpedro.com.ar\/sitio\/wp-json\/wp\/v2\/comments?post=104398"}],"version-history":[{"count":1,"href":"https:\/\/eldiariodesanpedro.com.ar\/sitio\/wp-json\/wp\/v2\/posts\/104398\/revisions"}],"predecessor-version":[{"id":104400,"href":"https:\/\/eldiariodesanpedro.com.ar\/sitio\/wp-json\/wp\/v2\/posts\/104398\/revisions\/104400"}],"wp:featuredmedia":[{"embeddable":true,"href":"https:\/\/eldiariodesanpedro.com.ar\/sitio\/wp-json\/wp\/v2\/media\/104399"}],"wp:attachment":[{"href":"https:\/\/eldiariodesanpedro.com.ar\/sitio\/wp-json\/wp\/v2\/media?parent=104398"}],"wp:term":[{"taxonomy":"category","embeddable":true,"href":"https:\/\/eldiariodesanpedro.com.ar\/sitio\/wp-json\/wp\/v2\/categories?post=104398"},{"taxonomy":"post_tag","embeddable":true,"href":"https:\/\/eldiariodesanpedro.com.ar\/sitio\/wp-json\/wp\/v2\/tags?post=104398"}],"curies":[{"name":"wp","href":"https:\/\/api.w.org\/{rel}","templated":true}]}}