{"id":10439,"date":"2016-11-20T18:22:31","date_gmt":"2016-11-20T21:22:31","guid":{"rendered":"https:\/\/eldiariodesanpedro.com.ar\/sitio\/?p=10439"},"modified":"2016-11-20T18:22:31","modified_gmt":"2016-11-20T21:22:31","slug":"el-economista-del-banco-macro-marcelo-romano-diserto-en-san-pedro","status":"publish","type":"post","link":"https:\/\/eldiariodesanpedro.com.ar\/sitio\/el-economista-del-banco-macro-marcelo-romano-diserto-en-san-pedro\/","title":{"rendered":"El economista del Banco Macro Marcelo Romano disert\u00f3 en San Pedro"},"content":{"rendered":"<p><!-- VideographyWP Plugin Message: Automatic video embedding prevented by plugin options. --><br \/>\nEn el Sal\u00f3n de los Espejos del Centro de Comercio, el Banco Macro organiz\u00f3 en la noche del jueves 17 de noviembre una charla sobre la situaci\u00f3n actual de la econom\u00eda, recorriendo diferentes aspectos sobre el panorama nacional, internacional y regional. <\/p>\n<p>El encuentro, promovido por la sucursal local y dando comienzo a una serie de actividades que se programar\u00e1n desde el a\u00f1o pr\u00f3ximo, reuni\u00f3 a empresarios, comerciantes y prestadores de servicios de la regi\u00f3n, quienes siguieron con atenci\u00f3n la exposici\u00f3n del economista Marcelo Romano, prestigioso asesor de la entidad crediticia y habitual disertante en este tipo de propuestas en el interior del pa\u00eds. <\/p>\n<p>Romano comparti\u00f3 su an\u00e1lisis sobre la situaci\u00f3n actual comparando las principales variables que son tenidas en cuenta para la toma de decisiones y destac\u00f3 que la misma informaci\u00f3n que se comparte en estas charlas es la que considera el banco para sus decisiones estrat\u00e9gicas y sus inversiones.<\/p>\n","protected":false},"excerpt":{"rendered":"<p>En el Sal\u00f3n de los Espejos del Centro de Comercio, el Banco Macro organiz\u00f3 en la noche del jueves 17 de noviembre una charla sobre la situaci\u00f3n actual de la econom\u00eda, recorriendo diferentes aspectos sobre el panorama nacional, internacional y regional. El encuentro, promovido por la sucursal local y dando comienzo a una serie de [&hellip;]<\/p>\n","protected":false},"author":4,"featured_media":10440,"comment_status":"open","ping_status":"closed","sticky":false,"template":"","format":"standard","meta":{"om_disable_all_campaigns":false,"_jetpack_memberships_contains_paid_content":false,"footnotes":""},"categories":[101,2],"tags":[],"class_list":["post-10439","post","type-post","status-publish","format-standard","has-post-thumbnail","hentry","category-interes-general-locales","category-locales"],"aioseo_notices":[],"gutentor_comment":0,"jetpack_featured_media_url":"https:\/\/eldiariodesanpedro.com.ar\/sitio\/wp-content\/uploads\/2016\/11\/Marcelo-Romano-economista-macro.jpg","jetpack_shortlink":"https:\/\/wp.me\/p6RhLt-2In","jetpack_sharing_enabled":true,"_links":{"self":[{"href":"https:\/\/eldiariodesanpedro.com.ar\/sitio\/wp-json\/wp\/v2\/posts\/10439","targetHints":{"allow":["GET"]}}],"collection":[{"href":"https:\/\/eldiariodesanpedro.com.ar\/sitio\/wp-json\/wp\/v2\/posts"}],"about":[{"href":"https:\/\/eldiariodesanpedro.com.ar\/sitio\/wp-json\/wp\/v2\/types\/post"}],"author":[{"embeddable":true,"href":"https:\/\/eldiariodesanpedro.com.ar\/sitio\/wp-json\/wp\/v2\/users\/4"}],"replies":[{"embeddable":true,"href":"https:\/\/eldiariodesanpedro.com.ar\/sitio\/wp-json\/wp\/v2\/comments?post=10439"}],"version-history":[{"count":1,"href":"https:\/\/eldiariodesanpedro.com.ar\/sitio\/wp-json\/wp\/v2\/posts\/10439\/revisions"}],"predecessor-version":[{"id":10441,"href":"https:\/\/eldiariodesanpedro.com.ar\/sitio\/wp-json\/wp\/v2\/posts\/10439\/revisions\/10441"}],"wp:featuredmedia":[{"embeddable":true,"href":"https:\/\/eldiariodesanpedro.com.ar\/sitio\/wp-json\/wp\/v2\/media\/10440"}],"wp:attachment":[{"href":"https:\/\/eldiariodesanpedro.com.ar\/sitio\/wp-json\/wp\/v2\/media?parent=10439"}],"wp:term":[{"taxonomy":"category","embeddable":true,"href":"https:\/\/eldiariodesanpedro.com.ar\/sitio\/wp-json\/wp\/v2\/categories?post=10439"},{"taxonomy":"post_tag","embeddable":true,"href":"https:\/\/eldiariodesanpedro.com.ar\/sitio\/wp-json\/wp\/v2\/tags?post=10439"}],"curies":[{"name":"wp","href":"https:\/\/api.w.org\/{rel}","templated":true}]}}