{"id":104389,"date":"2022-02-22T18:03:32","date_gmt":"2022-02-22T21:03:32","guid":{"rendered":"https:\/\/eldiariodesanpedro.com.ar\/sitio\/?p=104389"},"modified":"2022-02-22T18:03:32","modified_gmt":"2022-02-22T21:03:32","slug":"le-robaron-una-mochila-en-la-via-publica","status":"publish","type":"post","link":"https:\/\/eldiariodesanpedro.com.ar\/sitio\/le-robaron-una-mochila-en-la-via-publica\/","title":{"rendered":"Le robaron una mochila en la v\u00eda p\u00fablica"},"content":{"rendered":"<!-- VideographyWP Plugin Message: Automatic video embedding prevented by plugin options. -->\n\n<p>En la noche de ayer una mujer mayor denunci\u00f3 sustracci\u00f3n de mochila promediando 21 hs\u00a0 modalidad arrebato con documentaci\u00f3n varia y pertenencias, inmediaciones de Col\u00f3n y Socorro, el hecho en investigaci\u00f3n intervenci\u00f3n de la UFI N\u00ba 07<\/p>\n","protected":false},"excerpt":{"rendered":"<p>En la noche de ayer una mujer mayor denunci\u00f3 sustracci\u00f3n de mochila promediando 21 hs\u00a0 modalidad arrebato con documentaci\u00f3n varia y pertenencias, inmediaciones de Col\u00f3n y Socorro, el hecho en investigaci\u00f3n intervenci\u00f3n de la UFI N\u00ba 07<\/p>\n","protected":false},"author":4,"featured_media":88235,"comment_status":"closed","ping_status":"closed","sticky":false,"template":"","format":"standard","meta":{"om_disable_all_campaigns":false,"_jetpack_memberships_contains_paid_content":false,"footnotes":""},"categories":[2,103],"tags":[197,33,95,19],"class_list":["post-104389","post","type-post","status-publish","format-standard","has-post-thumbnail","hentry","category-locales","category-policiales-locales","tag-buenos-aires","tag-locales","tag-policiales","tag-san-pedro"],"aioseo_notices":[],"gutentor_comment":0,"jetpack_featured_media_url":"https:\/\/eldiariodesanpedro.com.ar\/sitio\/wp-content\/uploads\/2021\/02\/patrullero-policia-noche-696x401-1.jpg","jetpack_shortlink":"https:\/\/wp.me\/p6RhLt-r9H","jetpack_sharing_enabled":true,"_links":{"self":[{"href":"https:\/\/eldiariodesanpedro.com.ar\/sitio\/wp-json\/wp\/v2\/posts\/104389","targetHints":{"allow":["GET"]}}],"collection":[{"href":"https:\/\/eldiariodesanpedro.com.ar\/sitio\/wp-json\/wp\/v2\/posts"}],"about":[{"href":"https:\/\/eldiariodesanpedro.com.ar\/sitio\/wp-json\/wp\/v2\/types\/post"}],"author":[{"embeddable":true,"href":"https:\/\/eldiariodesanpedro.com.ar\/sitio\/wp-json\/wp\/v2\/users\/4"}],"replies":[{"embeddable":true,"href":"https:\/\/eldiariodesanpedro.com.ar\/sitio\/wp-json\/wp\/v2\/comments?post=104389"}],"version-history":[{"count":1,"href":"https:\/\/eldiariodesanpedro.com.ar\/sitio\/wp-json\/wp\/v2\/posts\/104389\/revisions"}],"predecessor-version":[{"id":104390,"href":"https:\/\/eldiariodesanpedro.com.ar\/sitio\/wp-json\/wp\/v2\/posts\/104389\/revisions\/104390"}],"wp:featuredmedia":[{"embeddable":true,"href":"https:\/\/eldiariodesanpedro.com.ar\/sitio\/wp-json\/wp\/v2\/media\/88235"}],"wp:attachment":[{"href":"https:\/\/eldiariodesanpedro.com.ar\/sitio\/wp-json\/wp\/v2\/media?parent=104389"}],"wp:term":[{"taxonomy":"category","embeddable":true,"href":"https:\/\/eldiariodesanpedro.com.ar\/sitio\/wp-json\/wp\/v2\/categories?post=104389"},{"taxonomy":"post_tag","embeddable":true,"href":"https:\/\/eldiariodesanpedro.com.ar\/sitio\/wp-json\/wp\/v2\/tags?post=104389"}],"curies":[{"name":"wp","href":"https:\/\/api.w.org\/{rel}","templated":true}]}}