{"id":104385,"date":"2022-02-22T14:24:30","date_gmt":"2022-02-22T17:24:30","guid":{"rendered":"https:\/\/eldiariodesanpedro.com.ar\/sitio\/?p=104385"},"modified":"2022-02-22T14:24:31","modified_gmt":"2022-02-22T17:24:31","slug":"dos-personas-de-zarate-intentaron-usurpar-la-casa-de-una-persona-mayor","status":"publish","type":"post","link":"https:\/\/eldiariodesanpedro.com.ar\/sitio\/dos-personas-de-zarate-intentaron-usurpar-la-casa-de-una-persona-mayor\/","title":{"rendered":"Dos personas de Z\u00e1rate intentaron usurpar la casa de una persona mayor"},"content":{"rendered":"<!-- VideographyWP Plugin Message: Automatic video embedding prevented by plugin options. -->\n\n<p>Este lunes siendo las 19 horas, el personal policial alertado acude calle M\u00e1ximo Mill\u00e1n al 200, donde proceden a la aprehensi\u00f3n in fraganti delito de usurpaci\u00f3n a un hombre y una mujer ambos de&nbsp; 27 a\u00f1os, quienes tras violentar puerta principal ingresan a propiedad de ciudadano de 66 a\u00f1os de edad a fines ocupar ilegalmente.&nbsp;<\/p>\n\n\n\n<p>Los aprehendidos resultan oriundos de Z\u00e1rate, el inmueble fue restituido a su propietario que radic\u00f3 la correspondiente denuncia.<\/p>\n","protected":false},"excerpt":{"rendered":"<p>Este lunes siendo las 19 horas, el personal policial alertado acude calle M\u00e1ximo Mill\u00e1n al 200, donde proceden a la aprehensi\u00f3n in fraganti delito de usurpaci\u00f3n a un hombre y una mujer ambos de&nbsp; 27 a\u00f1os, quienes tras violentar puerta principal ingresan a propiedad de ciudadano de 66 a\u00f1os de edad a fines ocupar ilegalmente.&nbsp; [&hellip;]<\/p>\n","protected":false},"author":4,"featured_media":103024,"comment_status":"closed","ping_status":"closed","sticky":false,"template":"","format":"standard","meta":{"om_disable_all_campaigns":false,"_jetpack_memberships_contains_paid_content":false,"footnotes":""},"categories":[50,2,103],"tags":[197,33,95,19],"class_list":["post-104385","post","type-post","status-publish","format-standard","has-post-thumbnail","hentry","category-destacadas","category-locales","category-policiales-locales","tag-buenos-aires","tag-locales","tag-policiales","tag-san-pedro"],"aioseo_notices":[],"gutentor_comment":0,"jetpack_featured_media_url":"https:\/\/eldiariodesanpedro.com.ar\/sitio\/wp-content\/uploads\/2022\/01\/Patrulla67-1024x680-1.jpg","jetpack_shortlink":"https:\/\/wp.me\/p6RhLt-r9D","jetpack_sharing_enabled":true,"_links":{"self":[{"href":"https:\/\/eldiariodesanpedro.com.ar\/sitio\/wp-json\/wp\/v2\/posts\/104385","targetHints":{"allow":["GET"]}}],"collection":[{"href":"https:\/\/eldiariodesanpedro.com.ar\/sitio\/wp-json\/wp\/v2\/posts"}],"about":[{"href":"https:\/\/eldiariodesanpedro.com.ar\/sitio\/wp-json\/wp\/v2\/types\/post"}],"author":[{"embeddable":true,"href":"https:\/\/eldiariodesanpedro.com.ar\/sitio\/wp-json\/wp\/v2\/users\/4"}],"replies":[{"embeddable":true,"href":"https:\/\/eldiariodesanpedro.com.ar\/sitio\/wp-json\/wp\/v2\/comments?post=104385"}],"version-history":[{"count":1,"href":"https:\/\/eldiariodesanpedro.com.ar\/sitio\/wp-json\/wp\/v2\/posts\/104385\/revisions"}],"predecessor-version":[{"id":104386,"href":"https:\/\/eldiariodesanpedro.com.ar\/sitio\/wp-json\/wp\/v2\/posts\/104385\/revisions\/104386"}],"wp:featuredmedia":[{"embeddable":true,"href":"https:\/\/eldiariodesanpedro.com.ar\/sitio\/wp-json\/wp\/v2\/media\/103024"}],"wp:attachment":[{"href":"https:\/\/eldiariodesanpedro.com.ar\/sitio\/wp-json\/wp\/v2\/media?parent=104385"}],"wp:term":[{"taxonomy":"category","embeddable":true,"href":"https:\/\/eldiariodesanpedro.com.ar\/sitio\/wp-json\/wp\/v2\/categories?post=104385"},{"taxonomy":"post_tag","embeddable":true,"href":"https:\/\/eldiariodesanpedro.com.ar\/sitio\/wp-json\/wp\/v2\/tags?post=104385"}],"curies":[{"name":"wp","href":"https:\/\/api.w.org\/{rel}","templated":true}]}}