{"id":104383,"date":"2022-02-22T14:18:51","date_gmt":"2022-02-22T17:18:51","guid":{"rendered":"https:\/\/eldiariodesanpedro.com.ar\/sitio\/?p=104383"},"modified":"2022-02-22T14:18:52","modified_gmt":"2022-02-22T17:18:52","slug":"una-mujer-trasladada-al-hospital-tras-un-accidente","status":"publish","type":"post","link":"https:\/\/eldiariodesanpedro.com.ar\/sitio\/una-mujer-trasladada-al-hospital-tras-un-accidente\/","title":{"rendered":"Una mujer trasladada al hospital tras un accidente\u00a0"},"content":{"rendered":"<!-- VideographyWP Plugin Message: Automatic video embedding prevented by plugin options. -->\n\n<p>Promediando las 08 hs del lunes el personal alertado, acude a calle Facundo Quiroga e Ituzaing\u00f3 que donde por razones que se tratan de establecer colisionaron camioneta conducida por una mujer de 51 a\u00f1os de edad y una motocicleta 110 cc conducida por otra femenina de 44 a\u00f1os de edad, resultancia conductora de motocicleta trasladada por m\u00f3vil de servicio de emergencia SAME a cargo del Dr. Vidov, conductora del rodado menor posee lesiones de car\u00e1cter leves.<\/p>\n","protected":false},"excerpt":{"rendered":"<p>Promediando las 08 hs del lunes el personal alertado, acude a calle Facundo Quiroga e Ituzaing\u00f3 que donde por razones que se tratan de establecer colisionaron camioneta conducida por una mujer de 51 a\u00f1os de edad y una motocicleta 110 cc conducida por otra femenina de 44 a\u00f1os de edad, resultancia conductora de motocicleta trasladada [&hellip;]<\/p>\n","protected":false},"author":4,"featured_media":70470,"comment_status":"closed","ping_status":"closed","sticky":false,"template":"","format":"standard","meta":{"om_disable_all_campaigns":false,"_jetpack_memberships_contains_paid_content":false,"footnotes":""},"categories":[2,103],"tags":[197,33,95,19],"class_list":["post-104383","post","type-post","status-publish","format-standard","has-post-thumbnail","hentry","category-locales","category-policiales-locales","tag-buenos-aires","tag-locales","tag-policiales","tag-san-pedro"],"aioseo_notices":[],"gutentor_comment":0,"jetpack_featured_media_url":"https:\/\/eldiariodesanpedro.com.ar\/sitio\/wp-content\/uploads\/2020\/03\/0-5.jpg","jetpack_shortlink":"https:\/\/wp.me\/p6RhLt-r9B","jetpack_sharing_enabled":true,"_links":{"self":[{"href":"https:\/\/eldiariodesanpedro.com.ar\/sitio\/wp-json\/wp\/v2\/posts\/104383","targetHints":{"allow":["GET"]}}],"collection":[{"href":"https:\/\/eldiariodesanpedro.com.ar\/sitio\/wp-json\/wp\/v2\/posts"}],"about":[{"href":"https:\/\/eldiariodesanpedro.com.ar\/sitio\/wp-json\/wp\/v2\/types\/post"}],"author":[{"embeddable":true,"href":"https:\/\/eldiariodesanpedro.com.ar\/sitio\/wp-json\/wp\/v2\/users\/4"}],"replies":[{"embeddable":true,"href":"https:\/\/eldiariodesanpedro.com.ar\/sitio\/wp-json\/wp\/v2\/comments?post=104383"}],"version-history":[{"count":1,"href":"https:\/\/eldiariodesanpedro.com.ar\/sitio\/wp-json\/wp\/v2\/posts\/104383\/revisions"}],"predecessor-version":[{"id":104384,"href":"https:\/\/eldiariodesanpedro.com.ar\/sitio\/wp-json\/wp\/v2\/posts\/104383\/revisions\/104384"}],"wp:featuredmedia":[{"embeddable":true,"href":"https:\/\/eldiariodesanpedro.com.ar\/sitio\/wp-json\/wp\/v2\/media\/70470"}],"wp:attachment":[{"href":"https:\/\/eldiariodesanpedro.com.ar\/sitio\/wp-json\/wp\/v2\/media?parent=104383"}],"wp:term":[{"taxonomy":"category","embeddable":true,"href":"https:\/\/eldiariodesanpedro.com.ar\/sitio\/wp-json\/wp\/v2\/categories?post=104383"},{"taxonomy":"post_tag","embeddable":true,"href":"https:\/\/eldiariodesanpedro.com.ar\/sitio\/wp-json\/wp\/v2\/tags?post=104383"}],"curies":[{"name":"wp","href":"https:\/\/api.w.org\/{rel}","templated":true}]}}