{"id":104381,"date":"2022-02-22T10:42:14","date_gmt":"2022-02-22T13:42:14","guid":{"rendered":"https:\/\/eldiariodesanpedro.com.ar\/sitio\/?p=104381"},"modified":"2022-02-22T10:42:15","modified_gmt":"2022-02-22T13:42:15","slug":"oportunidad-para-concluir-estudios-secundarios-y-nuevos-cursos-de-formacion-laboral","status":"publish","type":"post","link":"https:\/\/eldiariodesanpedro.com.ar\/sitio\/oportunidad-para-concluir-estudios-secundarios-y-nuevos-cursos-de-formacion-laboral\/","title":{"rendered":"Oportunidad para concluir estudios secundarios y nuevos cursos de formaci\u00f3n laboral"},"content":{"rendered":"<!-- VideographyWP Plugin Message: Automatic video embedding prevented by plugin options. -->\n\n<p>El Sindicato de Empleados de Comercio de San Pedro a trav\u00e9s de los programas que comparte desde la Red Nacional de Formaci\u00f3n Cont\u00ednua de la Federaci\u00f3n Argentina de Empleados de Comercio y Servicios, y en convenio con el Centro de Formaci\u00f3n Laboral N\u00ba 402, ha lanzado la inscripci\u00f3n para el ciclo educativo 2022.<br><br>Ratificando la misi\u00f3n de fortalecer y mejorar la formaci\u00f3n laboral que facilite el desarrollo de las trabajadoras y trabajadores mercantiles, el gremio que conduce Marcelo Mosteiro tiene abierta las inscripciones para nuevos cursos gratuitos con t\u00edtulos oficiales.<br><br>Una de las novedades es la \u00abTerminalidad Secundaria a Distancia\u00bb, que permite a los empleados de comercio del Partido de San Pedro que presenten DNI y recibo de sueldo, sean o no afiliados, realizar y\/o terminar el ciclo secundario.<br><br>Con clases virtuales a trav\u00e9s de la plataforma modelo que posee la Federaci\u00f3n y mediante el programa \u00abAdultos 2000\u00bb, del Ministerio de Educaci\u00f3n (en con el Ministerio de Educaci\u00f3n de la Ciudad de Buenos Aires \/ FAECyS), se propone a j\u00f3venes y adultos la posibilidad de retomar los estudios secundarios y obtener el t\u00edtulo de Bachiller con Orientaci\u00f3n en Cs. Sociales y Humanidades, con validez nacional bajo las resoluciones RES. N\u00ba 1536\/98 &#8211; RES. N\u00ba 1386\/03- RES. N\u00b0 86\/15- RES. N\u00b0 3558\/17. Los afiliados al Sindicato pueden compartir estos cursos con los integrantes de su grupo familiar, sin costo. La inscripci\u00f3n para esta terminalidad vence el 10 de marzo.<br><br><br><strong><u>Adem\u00e1s hasta fines de marzo, est\u00e1n abiertas las inscripciones para los cursos en convenio con el CFL 402 en los siguientes m\u00f3dulos:<\/u><br><\/strong><br># Administraci\u00f3n y Conducci\u00f3n en Recursos Humanos<br># Administraci\u00f3n Contable de Pymes<br># Auxiliar Administrativo<br># Auxiliar Contable<br># Gesti\u00f3n de Emprendimientos Productivos<br># Dise\u00f1o Proyectual Asistido por Computadora<br>Habilidades Digitales.<br># Modelado e Impresi\u00f3n 3D<br><br><br>El Sindicato de Empleados de Comercio contin\u00faa de este modo implementando pol\u00edticas para fortalecer y mejorar la calidad en la formaci\u00f3n de los compa\u00f1eros trabajadores mercantiles, incidiendo directamente en la generaci\u00f3n de mano de obra calificada, y mejorando su competitividad.<br><br>El SEC San Pedro cuenta con instalaciones modelo, con certificaciones de calidad y una infraestructura tecnol\u00f3gica que le permite seguir creciendo con estas propuestas<br><br>Quienes deseen consultar o inscribirse pueden hacerlo en las oficinas de\u00a0<strong>Pellegrini 472,<\/strong>\u00a0por correo electr\u00f3nico escribiendo a\u00a0<a rel=\"noreferrer noopener\" href=\"mailto:secsanpedroadm@gmail.com.ar\" target=\"_blank\">secsanpedroadm@gmail.com.ar<\/a>, en las redes sociales del Sindicato y por whatsapp al<strong>\u00a03329632322<\/strong><br><\/p>\n","protected":false},"excerpt":{"rendered":"<p>El Sindicato de Empleados de Comercio de San Pedro a trav\u00e9s de los programas que comparte desde la Red Nacional de Formaci\u00f3n Cont\u00ednua de la Federaci\u00f3n Argentina de Empleados de Comercio y Servicios, y en convenio con el Centro de Formaci\u00f3n Laboral N\u00ba 402, ha lanzado la inscripci\u00f3n para el ciclo educativo 2022. Ratificando la [&hellip;]<\/p>\n","protected":false},"author":4,"featured_media":35091,"comment_status":"closed","ping_status":"closed","sticky":false,"template":"","format":"standard","meta":{"om_disable_all_campaigns":false,"_jetpack_memberships_contains_paid_content":false,"footnotes":""},"categories":[50,101,2],"tags":[197,696,33,19],"class_list":["post-104381","post","type-post","status-publish","format-standard","has-post-thumbnail","hentry","category-destacadas","category-interes-general-locales","category-locales","tag-buenos-aires","tag-interes-general","tag-locales","tag-san-pedro"],"aioseo_notices":[],"gutentor_comment":0,"jetpack_featured_media_url":"https:\/\/eldiariodesanpedro.com.ar\/sitio\/wp-content\/uploads\/2018\/06\/sec.jpg","jetpack_shortlink":"https:\/\/wp.me\/p6RhLt-r9z","jetpack_sharing_enabled":true,"_links":{"self":[{"href":"https:\/\/eldiariodesanpedro.com.ar\/sitio\/wp-json\/wp\/v2\/posts\/104381","targetHints":{"allow":["GET"]}}],"collection":[{"href":"https:\/\/eldiariodesanpedro.com.ar\/sitio\/wp-json\/wp\/v2\/posts"}],"about":[{"href":"https:\/\/eldiariodesanpedro.com.ar\/sitio\/wp-json\/wp\/v2\/types\/post"}],"author":[{"embeddable":true,"href":"https:\/\/eldiariodesanpedro.com.ar\/sitio\/wp-json\/wp\/v2\/users\/4"}],"replies":[{"embeddable":true,"href":"https:\/\/eldiariodesanpedro.com.ar\/sitio\/wp-json\/wp\/v2\/comments?post=104381"}],"version-history":[{"count":1,"href":"https:\/\/eldiariodesanpedro.com.ar\/sitio\/wp-json\/wp\/v2\/posts\/104381\/revisions"}],"predecessor-version":[{"id":104382,"href":"https:\/\/eldiariodesanpedro.com.ar\/sitio\/wp-json\/wp\/v2\/posts\/104381\/revisions\/104382"}],"wp:featuredmedia":[{"embeddable":true,"href":"https:\/\/eldiariodesanpedro.com.ar\/sitio\/wp-json\/wp\/v2\/media\/35091"}],"wp:attachment":[{"href":"https:\/\/eldiariodesanpedro.com.ar\/sitio\/wp-json\/wp\/v2\/media?parent=104381"}],"wp:term":[{"taxonomy":"category","embeddable":true,"href":"https:\/\/eldiariodesanpedro.com.ar\/sitio\/wp-json\/wp\/v2\/categories?post=104381"},{"taxonomy":"post_tag","embeddable":true,"href":"https:\/\/eldiariodesanpedro.com.ar\/sitio\/wp-json\/wp\/v2\/tags?post=104381"}],"curies":[{"name":"wp","href":"https:\/\/api.w.org\/{rel}","templated":true}]}}