{"id":104379,"date":"2022-02-22T10:33:11","date_gmt":"2022-02-22T13:33:11","guid":{"rendered":"https:\/\/eldiariodesanpedro.com.ar\/sitio\/?p=104379"},"modified":"2022-02-22T10:33:15","modified_gmt":"2022-02-22T13:33:15","slug":"anses-quienes-cobran-hoy-22-de-febrero-jubilaciones-aue-desempleo","status":"publish","type":"post","link":"https:\/\/eldiariodesanpedro.com.ar\/sitio\/anses-quienes-cobran-hoy-22-de-febrero-jubilaciones-aue-desempleo\/","title":{"rendered":"ANSES: qui\u00e9nes cobran hoy, 22 de febrero, Jubilaciones, AUE, desempleo"},"content":{"rendered":"<!-- VideographyWP Plugin Message: Automatic video embedding prevented by plugin options. -->\n\n<p>ANSES informa que hoy se abonan jubilaciones, pensiones, Asignaci\u00f3n por Embarazo, Prestaci\u00f3n por Desempleo y el programa Progresar.<\/p>\n\n\n\n<p><strong>Jubilaciones&nbsp;y&nbsp;pensiones&nbsp;<\/strong><\/p>\n\n\n\n<p>Las sucursales bancarias habilitadas atender\u00e1n por ventanilla a jubilados, jubiladas, pensionados y pensionadas con documentos terminados en&nbsp;<strong>2&nbsp;<\/strong>y<strong>&nbsp;3&nbsp;<\/strong>cuyoshaberesSUPERENla suma de 32.664 pesos.<\/p>\n\n\n\n<p><strong>Asignaci\u00f3n por Embarazo<\/strong><\/p>\n\n\n\n<p>Con la utilizaci\u00f3n de la tarjeta de d\u00e9bito, hoy cobran la Asignaci\u00f3n por Embarazo las titulares con documentos concluidos en&nbsp;<strong>8<\/strong>.<\/p>\n\n\n\n<p><strong>Prestaci\u00f3n por&nbsp;Desempleo<\/strong><\/p>\n\n\n\n<p>Hoy perciben la Prestaci\u00f3n por Desempleo las personas con documentos finalizados en&nbsp;<strong>2<\/strong>&nbsp;y&nbsp;<strong>3<\/strong>.<\/p>\n\n\n\n<p><strong>Becas Progresar<\/strong><\/p>\n\n\n\n<p>ANSES y el Ministerio de Educaci\u00f3n de la Naci\u00f3n garantizan que todas y todos los j\u00f3venes del pa\u00eds est\u00e9n en la escuela y puedan terminar sus estudios. En ese marco, hasta el pr\u00f3ximo viernes se lleva adelante el primer pago de las becas para las y los chicos de 16 y 17 a\u00f1os. M\u00e1s informaci\u00f3n sobre la fecha y lugar de cobro en&nbsp;<a href=\"http:\/\/www.anses.gob.ar\/cobro\" target=\"_blank\" rel=\"noreferrer noopener\">www.anses.gob.ar\/cobro<\/a>.<\/p>\n","protected":false},"excerpt":{"rendered":"<p>ANSES informa que hoy se abonan jubilaciones, pensiones, Asignaci\u00f3n por Embarazo, Prestaci\u00f3n por Desempleo y el programa Progresar. Jubilaciones&nbsp;y&nbsp;pensiones&nbsp; Las sucursales bancarias habilitadas atender\u00e1n por ventanilla a jubilados, jubiladas, pensionados y pensionadas con documentos terminados en&nbsp;2&nbsp;y&nbsp;3&nbsp;cuyoshaberesSUPERENla suma de 32.664 pesos. Asignaci\u00f3n por Embarazo Con la utilizaci\u00f3n de la tarjeta de d\u00e9bito, hoy cobran la Asignaci\u00f3n [&hellip;]<\/p>\n","protected":false},"author":4,"featured_media":100119,"comment_status":"closed","ping_status":"closed","sticky":false,"template":"","format":"standard","meta":{"om_disable_all_campaigns":false,"_jetpack_memberships_contains_paid_content":false,"footnotes":""},"categories":[101,2],"tags":[197,696,33,19],"class_list":["post-104379","post","type-post","status-publish","format-standard","has-post-thumbnail","hentry","category-interes-general-locales","category-locales","tag-buenos-aires","tag-interes-general","tag-locales","tag-san-pedro"],"aioseo_notices":[],"gutentor_comment":0,"jetpack_featured_media_url":"https:\/\/eldiariodesanpedro.com.ar\/sitio\/wp-content\/uploads\/2021\/10\/ansesjpgjpg.jpg","jetpack_shortlink":"https:\/\/wp.me\/p6RhLt-r9x","jetpack_sharing_enabled":true,"_links":{"self":[{"href":"https:\/\/eldiariodesanpedro.com.ar\/sitio\/wp-json\/wp\/v2\/posts\/104379","targetHints":{"allow":["GET"]}}],"collection":[{"href":"https:\/\/eldiariodesanpedro.com.ar\/sitio\/wp-json\/wp\/v2\/posts"}],"about":[{"href":"https:\/\/eldiariodesanpedro.com.ar\/sitio\/wp-json\/wp\/v2\/types\/post"}],"author":[{"embeddable":true,"href":"https:\/\/eldiariodesanpedro.com.ar\/sitio\/wp-json\/wp\/v2\/users\/4"}],"replies":[{"embeddable":true,"href":"https:\/\/eldiariodesanpedro.com.ar\/sitio\/wp-json\/wp\/v2\/comments?post=104379"}],"version-history":[{"count":1,"href":"https:\/\/eldiariodesanpedro.com.ar\/sitio\/wp-json\/wp\/v2\/posts\/104379\/revisions"}],"predecessor-version":[{"id":104380,"href":"https:\/\/eldiariodesanpedro.com.ar\/sitio\/wp-json\/wp\/v2\/posts\/104379\/revisions\/104380"}],"wp:featuredmedia":[{"embeddable":true,"href":"https:\/\/eldiariodesanpedro.com.ar\/sitio\/wp-json\/wp\/v2\/media\/100119"}],"wp:attachment":[{"href":"https:\/\/eldiariodesanpedro.com.ar\/sitio\/wp-json\/wp\/v2\/media?parent=104379"}],"wp:term":[{"taxonomy":"category","embeddable":true,"href":"https:\/\/eldiariodesanpedro.com.ar\/sitio\/wp-json\/wp\/v2\/categories?post=104379"},{"taxonomy":"post_tag","embeddable":true,"href":"https:\/\/eldiariodesanpedro.com.ar\/sitio\/wp-json\/wp\/v2\/tags?post=104379"}],"curies":[{"name":"wp","href":"https:\/\/api.w.org\/{rel}","templated":true}]}}