{"id":10436,"date":"2016-11-20T18:19:33","date_gmt":"2016-11-20T21:19:33","guid":{"rendered":"https:\/\/eldiariodesanpedro.com.ar\/sitio\/?p=10436"},"modified":"2016-11-20T18:19:33","modified_gmt":"2016-11-20T21:19:33","slug":"corre-peligro-nuevamente-la-cobertura-medica-de-los-afiliados-a-ioma","status":"publish","type":"post","link":"https:\/\/eldiariodesanpedro.com.ar\/sitio\/corre-peligro-nuevamente-la-cobertura-medica-de-los-afiliados-a-ioma\/","title":{"rendered":"Corre peligro nuevamente la cobertura m\u00e9dica de los afiliados a IOMA"},"content":{"rendered":"<p><!-- VideographyWP Plugin Message: Automatic video embedding prevented by plugin options. --><br \/>\nEl C\u00edrculo M\u00e9dico, entidad que nuclea a los profesionales m\u00e9dicos de la ciudad, busca hacer un nuevo contrato con la obra social al haber rescindido el que estaba vigente hasta fin de a\u00f1o, al no pertenecer ya a FEMEBA.<\/p>\n<p>En ese sentido, Javier Sualdea sostuvo: \u201cEl 1\u00ba de noviembre enviamos una carta renunciando al convenio que ten\u00edamos ligado a IOMA a trav\u00e9s de FEMEBA, dado que en marzo las nuevas autoridades de la obra social denunciaron ellos el convenio, le dijeron \u2018este convenio en 60 d\u00edas no existe m\u00e1s\u2019\u201d.<\/p>\n<p>Sin embargo, sostuvo: \u201cNo nos est\u00e1n atendiendo desde IOMA, no contestan ni cartas, ni mail, ni pedidos de audiencia, entonces lo que nosotros manifestamos a trav\u00e9s de la federaci\u00f3n que estamos integrando que es el Frente M\u00e9dico Bonaerense, hicimos el paso que corresponde que es enviar el primero de noviembre una carta documento a FEMEBA, denunciando el convenio que termin\u00f3, que ya no existe, o sea, que nosotros vamos a prestar servicios hasta el 31 de diciembre de este a\u00f1o\u201d y \u201cle enviamos el mismo d\u00eda una nota con copia de la carta documento a IOMA, las dos partes est\u00e1n enteradas y notificadas\u201d.<\/p>\n<p>Asimismo, Sualdea asever\u00f3: \u201cSolo falta que IOMA nos reciba y nos convoque a firmar el convenio nuevo que ya est\u00e1 redactado\u201d. Y finaliz\u00f3: \u201cEsto fue una decisi\u00f3n que parti\u00f3 del gobierno provincial, de ninguna federaci\u00f3n ni de nosotros. Entonces no entendemos por qu\u00e9 se toman tanto tiempo para resolver algo que se puede hacer muy f\u00e1cil\u201d.<\/p>\n","protected":false},"excerpt":{"rendered":"<p>El C\u00edrculo M\u00e9dico, entidad que nuclea a los profesionales m\u00e9dicos de la ciudad, busca hacer un nuevo contrato con la obra social al haber rescindido el que estaba vigente hasta fin de a\u00f1o, al no pertenecer ya a FEMEBA. En ese sentido, Javier Sualdea sostuvo: \u201cEl 1\u00ba de noviembre enviamos una carta renunciando al convenio [&hellip;]<\/p>\n","protected":false},"author":4,"featured_media":10437,"comment_status":"open","ping_status":"closed","sticky":false,"template":"","format":"standard","meta":{"om_disable_all_campaigns":false,"_jetpack_memberships_contains_paid_content":false,"footnotes":""},"categories":[50,101,2],"tags":[],"class_list":["post-10436","post","type-post","status-publish","format-standard","has-post-thumbnail","hentry","category-destacadas","category-interes-general-locales","category-locales"],"aioseo_notices":[],"gutentor_comment":0,"jetpack_featured_media_url":"https:\/\/eldiariodesanpedro.com.ar\/sitio\/wp-content\/uploads\/2016\/11\/ioma.jpg","jetpack_shortlink":"https:\/\/wp.me\/p6RhLt-2Ik","jetpack_sharing_enabled":true,"_links":{"self":[{"href":"https:\/\/eldiariodesanpedro.com.ar\/sitio\/wp-json\/wp\/v2\/posts\/10436","targetHints":{"allow":["GET"]}}],"collection":[{"href":"https:\/\/eldiariodesanpedro.com.ar\/sitio\/wp-json\/wp\/v2\/posts"}],"about":[{"href":"https:\/\/eldiariodesanpedro.com.ar\/sitio\/wp-json\/wp\/v2\/types\/post"}],"author":[{"embeddable":true,"href":"https:\/\/eldiariodesanpedro.com.ar\/sitio\/wp-json\/wp\/v2\/users\/4"}],"replies":[{"embeddable":true,"href":"https:\/\/eldiariodesanpedro.com.ar\/sitio\/wp-json\/wp\/v2\/comments?post=10436"}],"version-history":[{"count":1,"href":"https:\/\/eldiariodesanpedro.com.ar\/sitio\/wp-json\/wp\/v2\/posts\/10436\/revisions"}],"predecessor-version":[{"id":10438,"href":"https:\/\/eldiariodesanpedro.com.ar\/sitio\/wp-json\/wp\/v2\/posts\/10436\/revisions\/10438"}],"wp:featuredmedia":[{"embeddable":true,"href":"https:\/\/eldiariodesanpedro.com.ar\/sitio\/wp-json\/wp\/v2\/media\/10437"}],"wp:attachment":[{"href":"https:\/\/eldiariodesanpedro.com.ar\/sitio\/wp-json\/wp\/v2\/media?parent=10436"}],"wp:term":[{"taxonomy":"category","embeddable":true,"href":"https:\/\/eldiariodesanpedro.com.ar\/sitio\/wp-json\/wp\/v2\/categories?post=10436"},{"taxonomy":"post_tag","embeddable":true,"href":"https:\/\/eldiariodesanpedro.com.ar\/sitio\/wp-json\/wp\/v2\/tags?post=10436"}],"curies":[{"name":"wp","href":"https:\/\/api.w.org\/{rel}","templated":true}]}}