{"id":104347,"date":"2022-02-21T13:32:28","date_gmt":"2022-02-21T16:32:28","guid":{"rendered":"https:\/\/eldiariodesanpedro.com.ar\/sitio\/?p=104347"},"modified":"2022-02-21T13:32:29","modified_gmt":"2022-02-21T16:32:29","slug":"el-sabado-por-la-noche-abrio-sus-puertas-wojtyla","status":"publish","type":"post","link":"https:\/\/eldiariodesanpedro.com.ar\/sitio\/el-sabado-por-la-noche-abrio-sus-puertas-wojtyla\/","title":{"rendered":"El s\u00e1bado por la noche abri\u00f3 sus puertas Wojtyla"},"content":{"rendered":"<!-- VideographyWP Plugin Message: Automatic video embedding prevented by plugin options. -->\n\n<p>El intendente Ram\u00f3n Salazar junto a la Secretaria de Turismo y Cultura Marcela Cu\u00f1er estuvieron presentes en la inauguraci\u00f3n de este magnifico espacio Cultural acompa\u00f1ando a Marina Seery, Pedro Amarillo, amigos, familiares, profesionales involucrados en el proyecto e invitados.<\/p>\n\n\n\n<p>Desde el Municipio celebramos la apertura de estos espacios y acompa\u00f1aremos ese proyecto tan importante para la cultura de la ciudad.<\/p>\n\n\n\n<p>Ya est\u00e1n abiertas las inscripciones para los diversos talleres que comenzar\u00e1n en marzo.<\/p>\n\n\n\n<p>Informes en Pellegrini 378. Tel\u00e9fono 15630892<\/p>\n\n\n\n<figure class=\"wp-block-image size-full\"><img decoding=\"async\" width=\"945\" height=\"630\" data-attachment-id=\"104349\" data-permalink=\"https:\/\/eldiariodesanpedro.com.ar\/sitio\/el-sabado-por-la-noche-abrio-sus-puertas-wojtyla\/272989031_318584423631716_4405769049075863472_n\/\" data-orig-file=\"https:\/\/eldiariodesanpedro.com.ar\/sitio\/wp-content\/uploads\/2022\/02\/272989031_318584423631716_4405769049075863472_n.jpg\" data-orig-size=\"945,630\" data-comments-opened=\"0\" data-image-meta=\"{&quot;aperture&quot;:&quot;0&quot;,&quot;credit&quot;:&quot;&quot;,&quot;camera&quot;:&quot;&quot;,&quot;caption&quot;:&quot;&quot;,&quot;created_timestamp&quot;:&quot;0&quot;,&quot;copyright&quot;:&quot;&quot;,&quot;focal_length&quot;:&quot;0&quot;,&quot;iso&quot;:&quot;0&quot;,&quot;shutter_speed&quot;:&quot;0&quot;,&quot;title&quot;:&quot;&quot;,&quot;orientation&quot;:&quot;0&quot;}\" data-image-title=\"272989031_318584423631716_4405769049075863472_n\" data-image-description=\"\" data-image-caption=\"\" data-large-file=\"https:\/\/eldiariodesanpedro.com.ar\/sitio\/wp-content\/uploads\/2022\/02\/272989031_318584423631716_4405769049075863472_n.jpg\" data-src=\"https:\/\/eldiariodesanpedro.com.ar\/sitio\/wp-content\/uploads\/2022\/02\/272989031_318584423631716_4405769049075863472_n.jpg\" alt=\"\" class=\"wp-image-104349 lazyload\" data-srcset=\"https:\/\/eldiariodesanpedro.com.ar\/sitio\/wp-content\/uploads\/2022\/02\/272989031_318584423631716_4405769049075863472_n.jpg 945w, https:\/\/eldiariodesanpedro.com.ar\/sitio\/wp-content\/uploads\/2022\/02\/272989031_318584423631716_4405769049075863472_n-300x200.jpg 300w, https:\/\/eldiariodesanpedro.com.ar\/sitio\/wp-content\/uploads\/2022\/02\/272989031_318584423631716_4405769049075863472_n-768x512.jpg 768w\" data-sizes=\"(max-width: 945px) 100vw, 945px\" src=\"data:image\/svg+xml;base64,PHN2ZyB3aWR0aD0iMSIgaGVpZ2h0PSIxIiB4bWxucz0iaHR0cDovL3d3dy53My5vcmcvMjAwMC9zdmciPjwvc3ZnPg==\" style=\"--smush-placeholder-width: 945px; --smush-placeholder-aspect-ratio: 945\/630;\" \/><\/figure>\n\n\n\n<figure class=\"wp-block-image size-full\"><img decoding=\"async\" width=\"945\" height=\"630\" data-attachment-id=\"104350\" data-permalink=\"https:\/\/eldiariodesanpedro.com.ar\/sitio\/el-sabado-por-la-noche-abrio-sus-puertas-wojtyla\/272945886_318584456965046_3691463126792199797_n\/\" data-orig-file=\"https:\/\/eldiariodesanpedro.com.ar\/sitio\/wp-content\/uploads\/2022\/02\/272945886_318584456965046_3691463126792199797_n.jpg\" data-orig-size=\"945,630\" data-comments-opened=\"0\" data-image-meta=\"{&quot;aperture&quot;:&quot;0&quot;,&quot;credit&quot;:&quot;&quot;,&quot;camera&quot;:&quot;&quot;,&quot;caption&quot;:&quot;&quot;,&quot;created_timestamp&quot;:&quot;0&quot;,&quot;copyright&quot;:&quot;&quot;,&quot;focal_length&quot;:&quot;0&quot;,&quot;iso&quot;:&quot;0&quot;,&quot;shutter_speed&quot;:&quot;0&quot;,&quot;title&quot;:&quot;&quot;,&quot;orientation&quot;:&quot;0&quot;}\" data-image-title=\"272945886_318584456965046_3691463126792199797_n\" data-image-description=\"\" data-image-caption=\"\" data-large-file=\"https:\/\/eldiariodesanpedro.com.ar\/sitio\/wp-content\/uploads\/2022\/02\/272945886_318584456965046_3691463126792199797_n.jpg\" data-src=\"https:\/\/eldiariodesanpedro.com.ar\/sitio\/wp-content\/uploads\/2022\/02\/272945886_318584456965046_3691463126792199797_n.jpg\" alt=\"\" class=\"wp-image-104350 lazyload\" data-srcset=\"https:\/\/eldiariodesanpedro.com.ar\/sitio\/wp-content\/uploads\/2022\/02\/272945886_318584456965046_3691463126792199797_n.jpg 945w, https:\/\/eldiariodesanpedro.com.ar\/sitio\/wp-content\/uploads\/2022\/02\/272945886_318584456965046_3691463126792199797_n-300x200.jpg 300w, https:\/\/eldiariodesanpedro.com.ar\/sitio\/wp-content\/uploads\/2022\/02\/272945886_318584456965046_3691463126792199797_n-768x512.jpg 768w\" data-sizes=\"(max-width: 945px) 100vw, 945px\" src=\"data:image\/svg+xml;base64,PHN2ZyB3aWR0aD0iMSIgaGVpZ2h0PSIxIiB4bWxucz0iaHR0cDovL3d3dy53My5vcmcvMjAwMC9zdmciPjwvc3ZnPg==\" style=\"--smush-placeholder-width: 945px; --smush-placeholder-aspect-ratio: 945\/630;\" \/><\/figure>\n\n\n\n<figure class=\"wp-block-image size-full\"><img decoding=\"async\" width=\"945\" height=\"630\" data-attachment-id=\"104351\" data-permalink=\"https:\/\/eldiariodesanpedro.com.ar\/sitio\/el-sabado-por-la-noche-abrio-sus-puertas-wojtyla\/272984410_318584573631701_2786414454040280679_n\/\" data-orig-file=\"https:\/\/eldiariodesanpedro.com.ar\/sitio\/wp-content\/uploads\/2022\/02\/272984410_318584573631701_2786414454040280679_n.jpg\" data-orig-size=\"945,630\" data-comments-opened=\"0\" data-image-meta=\"{&quot;aperture&quot;:&quot;0&quot;,&quot;credit&quot;:&quot;&quot;,&quot;camera&quot;:&quot;&quot;,&quot;caption&quot;:&quot;&quot;,&quot;created_timestamp&quot;:&quot;0&quot;,&quot;copyright&quot;:&quot;&quot;,&quot;focal_length&quot;:&quot;0&quot;,&quot;iso&quot;:&quot;0&quot;,&quot;shutter_speed&quot;:&quot;0&quot;,&quot;title&quot;:&quot;&quot;,&quot;orientation&quot;:&quot;0&quot;}\" data-image-title=\"272984410_318584573631701_2786414454040280679_n\" data-image-description=\"\" data-image-caption=\"\" data-large-file=\"https:\/\/eldiariodesanpedro.com.ar\/sitio\/wp-content\/uploads\/2022\/02\/272984410_318584573631701_2786414454040280679_n.jpg\" data-src=\"https:\/\/eldiariodesanpedro.com.ar\/sitio\/wp-content\/uploads\/2022\/02\/272984410_318584573631701_2786414454040280679_n.jpg\" alt=\"\" class=\"wp-image-104351 lazyload\" data-srcset=\"https:\/\/eldiariodesanpedro.com.ar\/sitio\/wp-content\/uploads\/2022\/02\/272984410_318584573631701_2786414454040280679_n.jpg 945w, https:\/\/eldiariodesanpedro.com.ar\/sitio\/wp-content\/uploads\/2022\/02\/272984410_318584573631701_2786414454040280679_n-300x200.jpg 300w, https:\/\/eldiariodesanpedro.com.ar\/sitio\/wp-content\/uploads\/2022\/02\/272984410_318584573631701_2786414454040280679_n-768x512.jpg 768w\" data-sizes=\"(max-width: 945px) 100vw, 945px\" src=\"data:image\/svg+xml;base64,PHN2ZyB3aWR0aD0iMSIgaGVpZ2h0PSIxIiB4bWxucz0iaHR0cDovL3d3dy53My5vcmcvMjAwMC9zdmciPjwvc3ZnPg==\" style=\"--smush-placeholder-width: 945px; --smush-placeholder-aspect-ratio: 945\/630;\" \/><\/figure>\n\n\n\n<figure class=\"wp-block-image size-full\"><img decoding=\"async\" width=\"945\" height=\"630\" data-attachment-id=\"104352\" data-permalink=\"https:\/\/eldiariodesanpedro.com.ar\/sitio\/el-sabado-por-la-noche-abrio-sus-puertas-wojtyla\/273572553_318584646965027_5607492945129786453_n\/\" data-orig-file=\"https:\/\/eldiariodesanpedro.com.ar\/sitio\/wp-content\/uploads\/2022\/02\/273572553_318584646965027_5607492945129786453_n.jpg\" data-orig-size=\"945,630\" data-comments-opened=\"0\" data-image-meta=\"{&quot;aperture&quot;:&quot;0&quot;,&quot;credit&quot;:&quot;&quot;,&quot;camera&quot;:&quot;&quot;,&quot;caption&quot;:&quot;&quot;,&quot;created_timestamp&quot;:&quot;0&quot;,&quot;copyright&quot;:&quot;&quot;,&quot;focal_length&quot;:&quot;0&quot;,&quot;iso&quot;:&quot;0&quot;,&quot;shutter_speed&quot;:&quot;0&quot;,&quot;title&quot;:&quot;&quot;,&quot;orientation&quot;:&quot;0&quot;}\" data-image-title=\"273572553_318584646965027_5607492945129786453_n\" data-image-description=\"\" data-image-caption=\"\" data-large-file=\"https:\/\/eldiariodesanpedro.com.ar\/sitio\/wp-content\/uploads\/2022\/02\/273572553_318584646965027_5607492945129786453_n.jpg\" data-src=\"https:\/\/eldiariodesanpedro.com.ar\/sitio\/wp-content\/uploads\/2022\/02\/273572553_318584646965027_5607492945129786453_n.jpg\" alt=\"\" class=\"wp-image-104352 lazyload\" data-srcset=\"https:\/\/eldiariodesanpedro.com.ar\/sitio\/wp-content\/uploads\/2022\/02\/273572553_318584646965027_5607492945129786453_n.jpg 945w, https:\/\/eldiariodesanpedro.com.ar\/sitio\/wp-content\/uploads\/2022\/02\/273572553_318584646965027_5607492945129786453_n-300x200.jpg 300w, https:\/\/eldiariodesanpedro.com.ar\/sitio\/wp-content\/uploads\/2022\/02\/273572553_318584646965027_5607492945129786453_n-768x512.jpg 768w\" data-sizes=\"(max-width: 945px) 100vw, 945px\" src=\"data:image\/svg+xml;base64,PHN2ZyB3aWR0aD0iMSIgaGVpZ2h0PSIxIiB4bWxucz0iaHR0cDovL3d3dy53My5vcmcvMjAwMC9zdmciPjwvc3ZnPg==\" style=\"--smush-placeholder-width: 945px; --smush-placeholder-aspect-ratio: 945\/630;\" \/><\/figure>\n","protected":false},"excerpt":{"rendered":"<p>El intendente Ram\u00f3n Salazar junto a la Secretaria de Turismo y Cultura Marcela Cu\u00f1er estuvieron presentes en la inauguraci\u00f3n de este magnifico espacio Cultural acompa\u00f1ando a Marina Seery, Pedro Amarillo, amigos, familiares, profesionales involucrados en el proyecto e invitados. Desde el Municipio celebramos la apertura de estos espacios y acompa\u00f1aremos ese proyecto tan importante para [&hellip;]<\/p>\n","protected":false},"author":4,"featured_media":104348,"comment_status":"closed","ping_status":"closed","sticky":false,"template":"","format":"standard","meta":{"om_disable_all_campaigns":false,"_jetpack_memberships_contains_paid_content":false,"footnotes":""},"categories":[50,101,2],"tags":[197,696,33,19],"class_list":["post-104347","post","type-post","status-publish","format-standard","has-post-thumbnail","hentry","category-destacadas","category-interes-general-locales","category-locales","tag-buenos-aires","tag-interes-general","tag-locales","tag-san-pedro"],"aioseo_notices":[],"gutentor_comment":0,"jetpack_featured_media_url":"https:\/\/eldiariodesanpedro.com.ar\/sitio\/wp-content\/uploads\/2022\/02\/274278294_318584340298391_4721984350740778806_n.jpg","jetpack_shortlink":"https:\/\/wp.me\/p6RhLt-r91","jetpack_sharing_enabled":true,"_links":{"self":[{"href":"https:\/\/eldiariodesanpedro.com.ar\/sitio\/wp-json\/wp\/v2\/posts\/104347","targetHints":{"allow":["GET"]}}],"collection":[{"href":"https:\/\/eldiariodesanpedro.com.ar\/sitio\/wp-json\/wp\/v2\/posts"}],"about":[{"href":"https:\/\/eldiariodesanpedro.com.ar\/sitio\/wp-json\/wp\/v2\/types\/post"}],"author":[{"embeddable":true,"href":"https:\/\/eldiariodesanpedro.com.ar\/sitio\/wp-json\/wp\/v2\/users\/4"}],"replies":[{"embeddable":true,"href":"https:\/\/eldiariodesanpedro.com.ar\/sitio\/wp-json\/wp\/v2\/comments?post=104347"}],"version-history":[{"count":1,"href":"https:\/\/eldiariodesanpedro.com.ar\/sitio\/wp-json\/wp\/v2\/posts\/104347\/revisions"}],"predecessor-version":[{"id":104353,"href":"https:\/\/eldiariodesanpedro.com.ar\/sitio\/wp-json\/wp\/v2\/posts\/104347\/revisions\/104353"}],"wp:featuredmedia":[{"embeddable":true,"href":"https:\/\/eldiariodesanpedro.com.ar\/sitio\/wp-json\/wp\/v2\/media\/104348"}],"wp:attachment":[{"href":"https:\/\/eldiariodesanpedro.com.ar\/sitio\/wp-json\/wp\/v2\/media?parent=104347"}],"wp:term":[{"taxonomy":"category","embeddable":true,"href":"https:\/\/eldiariodesanpedro.com.ar\/sitio\/wp-json\/wp\/v2\/categories?post=104347"},{"taxonomy":"post_tag","embeddable":true,"href":"https:\/\/eldiariodesanpedro.com.ar\/sitio\/wp-json\/wp\/v2\/tags?post=104347"}],"curies":[{"name":"wp","href":"https:\/\/api.w.org\/{rel}","templated":true}]}}