{"id":104330,"date":"2022-02-21T12:25:39","date_gmt":"2022-02-21T15:25:39","guid":{"rendered":"https:\/\/eldiariodesanpedro.com.ar\/sitio\/?p=104330"},"modified":"2022-02-21T12:25:41","modified_gmt":"2022-02-21T15:25:41","slug":"le-robaron-el-celular-dentro-de-su-trabajo","status":"publish","type":"post","link":"https:\/\/eldiariodesanpedro.com.ar\/sitio\/le-robaron-el-celular-dentro-de-su-trabajo\/","title":{"rendered":"Le robaron el celular dentro de su trabajo\u00a0"},"content":{"rendered":"<!-- VideographyWP Plugin Message: Automatic video embedding prevented by plugin options. -->\n\n<p>Este domingo en horas de la madrugada una mujer realiz\u00f3 una denuncia por que sufri\u00f3 el robo de su celular por parte de un sujeto dentro de su lugar de trabajo.<\/p>\n\n\n\n<p>El hecho ocurri\u00f3 este s\u00e1bado pasadas las 22 hs en un restaurante ubicado en calle Belgrano y Balcarce, cuando una joven de 18 a\u00f1os que trabaja en el comercio gastron\u00f3mico donde ingresa un desconocido quien le sustrae tel\u00e9fono celular el cual se hallaba depositado sobre mostrador, posterior se da a la fuga de a pie.<\/p>\n","protected":false},"excerpt":{"rendered":"<p>Este domingo en horas de la madrugada una mujer realiz\u00f3 una denuncia por que sufri\u00f3 el robo de su celular por parte de un sujeto dentro de su lugar de trabajo. El hecho ocurri\u00f3 este s\u00e1bado pasadas las 22 hs en un restaurante ubicado en calle Belgrano y Balcarce, cuando una joven de 18 a\u00f1os [&hellip;]<\/p>\n","protected":false},"author":4,"featured_media":57860,"comment_status":"closed","ping_status":"closed","sticky":false,"template":"","format":"standard","meta":{"om_disable_all_campaigns":false,"_jetpack_memberships_contains_paid_content":false,"footnotes":""},"categories":[2,103],"tags":[197,33,95,19],"class_list":["post-104330","post","type-post","status-publish","format-standard","has-post-thumbnail","hentry","category-locales","category-policiales-locales","tag-buenos-aires","tag-locales","tag-policiales","tag-san-pedro"],"aioseo_notices":[],"gutentor_comment":0,"jetpack_featured_media_url":"https:\/\/eldiariodesanpedro.com.ar\/sitio\/wp-content\/uploads\/2019\/08\/robo_de_celular_-1.jpg","jetpack_shortlink":"https:\/\/wp.me\/p6RhLt-r8K","jetpack_sharing_enabled":true,"_links":{"self":[{"href":"https:\/\/eldiariodesanpedro.com.ar\/sitio\/wp-json\/wp\/v2\/posts\/104330","targetHints":{"allow":["GET"]}}],"collection":[{"href":"https:\/\/eldiariodesanpedro.com.ar\/sitio\/wp-json\/wp\/v2\/posts"}],"about":[{"href":"https:\/\/eldiariodesanpedro.com.ar\/sitio\/wp-json\/wp\/v2\/types\/post"}],"author":[{"embeddable":true,"href":"https:\/\/eldiariodesanpedro.com.ar\/sitio\/wp-json\/wp\/v2\/users\/4"}],"replies":[{"embeddable":true,"href":"https:\/\/eldiariodesanpedro.com.ar\/sitio\/wp-json\/wp\/v2\/comments?post=104330"}],"version-history":[{"count":1,"href":"https:\/\/eldiariodesanpedro.com.ar\/sitio\/wp-json\/wp\/v2\/posts\/104330\/revisions"}],"predecessor-version":[{"id":104331,"href":"https:\/\/eldiariodesanpedro.com.ar\/sitio\/wp-json\/wp\/v2\/posts\/104330\/revisions\/104331"}],"wp:featuredmedia":[{"embeddable":true,"href":"https:\/\/eldiariodesanpedro.com.ar\/sitio\/wp-json\/wp\/v2\/media\/57860"}],"wp:attachment":[{"href":"https:\/\/eldiariodesanpedro.com.ar\/sitio\/wp-json\/wp\/v2\/media?parent=104330"}],"wp:term":[{"taxonomy":"category","embeddable":true,"href":"https:\/\/eldiariodesanpedro.com.ar\/sitio\/wp-json\/wp\/v2\/categories?post=104330"},{"taxonomy":"post_tag","embeddable":true,"href":"https:\/\/eldiariodesanpedro.com.ar\/sitio\/wp-json\/wp\/v2\/tags?post=104330"}],"curies":[{"name":"wp","href":"https:\/\/api.w.org\/{rel}","templated":true}]}}