{"id":104281,"date":"2022-02-18T17:44:25","date_gmt":"2022-02-18T20:44:25","guid":{"rendered":"https:\/\/eldiariodesanpedro.com.ar\/sitio\/?p=104281"},"modified":"2022-02-18T17:44:26","modified_gmt":"2022-02-18T20:44:26","slug":"diego-solana-juro-como-secretario-de-seguridad","status":"publish","type":"post","link":"https:\/\/eldiariodesanpedro.com.ar\/sitio\/diego-solana-juro-como-secretario-de-seguridad\/","title":{"rendered":"Diego Solana jur\u00f3 como Secretario de Seguridad"},"content":{"rendered":"<!-- VideographyWP Plugin Message: Automatic video embedding prevented by plugin options. -->\n\n<p>Esta ma\u00f1ana el Intendente Dr. Ram\u00f3n Salazar tom\u00f3 juramento al nuevo Secretario de Seguridad Diego Solana en el despacho oficial con la participaci\u00f3n de funcionarios del gabinete, miembros del Honorable Concejo Deliberante y familiares del flamante funcionario.<\/p>\n\n\n\n<p>El intendente Salazar se mostr\u00f3 agradecido con el Dr. Solana por aceptar el cargo, ya que \u201cno era una decisi\u00f3n f\u00e1cil\u201d tras los problemas de seguridad que atravesaba la ciudad.<\/p>\n\n\n\n<p>Adem\u00e1s, el Dr. Salazar agradeci\u00f3 la presencia de quien asumir\u00e1 como nuevo Director de Tr\u00e1nsito y Nocturnidad \u00c1ngel Burgos a quien le manifest\u00f3 la necesidad de que haya \u201cm\u00e1s presencia de los inspectores en la calle\u201d para conseguir el objetivo de \u201ctener un tr\u00e1nsito m\u00e1s ordenado para que no haya tantos accidentes como se ven\u00edan produciendo\u201d.<\/p>\n\n\n\n<p>Finalmente, Salazar record\u00f3 al ex Secretario de Seguridad Eduardo Roleri, a quien agradeci\u00f3 por los 6 a\u00f1os de trabajo en la gesti\u00f3n, recordando su solidaridad y predisposici\u00f3n.<\/p>\n\n\n\n<p>Por su parte, el Dr. Solana le manifest\u00f3 su confianza al equipo de trabajo a quienes les remarc\u00f3 su \u201cgran compromiso con este equipo que se ha conformado\u201d y record\u00f3 el valor de la justicia en su vida, \u201ces lo que hered\u00e9 de mi viejo y es el camino\u201d asegurando adem\u00e1s que no va a renunciar a sus convicciones.<\/p>\n\n\n\n<figure class=\"wp-block-image size-full\"><img decoding=\"async\" width=\"925\" height=\"630\" data-attachment-id=\"104282\" data-permalink=\"https:\/\/eldiariodesanpedro.com.ar\/sitio\/diego-solana-juro-como-secretario-de-seguridad\/whatsapp-image-2022-02-18-at-17-23-45\/\" data-orig-file=\"https:\/\/eldiariodesanpedro.com.ar\/sitio\/wp-content\/uploads\/2022\/02\/WhatsApp-Image-2022-02-18-at-17.23.45.jpeg\" data-orig-size=\"925,630\" data-comments-opened=\"0\" data-image-meta=\"{&quot;aperture&quot;:&quot;0&quot;,&quot;credit&quot;:&quot;&quot;,&quot;camera&quot;:&quot;&quot;,&quot;caption&quot;:&quot;&quot;,&quot;created_timestamp&quot;:&quot;0&quot;,&quot;copyright&quot;:&quot;&quot;,&quot;focal_length&quot;:&quot;0&quot;,&quot;iso&quot;:&quot;0&quot;,&quot;shutter_speed&quot;:&quot;0&quot;,&quot;title&quot;:&quot;&quot;,&quot;orientation&quot;:&quot;0&quot;}\" data-image-title=\"WhatsApp Image 2022-02-18 at 17.23.45\" data-image-description=\"\" data-image-caption=\"\" data-large-file=\"https:\/\/eldiariodesanpedro.com.ar\/sitio\/wp-content\/uploads\/2022\/02\/WhatsApp-Image-2022-02-18-at-17.23.45.jpeg\" data-src=\"https:\/\/eldiariodesanpedro.com.ar\/sitio\/wp-content\/uploads\/2022\/02\/WhatsApp-Image-2022-02-18-at-17.23.45.jpeg\" alt=\"\" class=\"wp-image-104282 lazyload\" data-srcset=\"https:\/\/eldiariodesanpedro.com.ar\/sitio\/wp-content\/uploads\/2022\/02\/WhatsApp-Image-2022-02-18-at-17.23.45.jpeg 925w, https:\/\/eldiariodesanpedro.com.ar\/sitio\/wp-content\/uploads\/2022\/02\/WhatsApp-Image-2022-02-18-at-17.23.45-300x204.jpeg 300w, https:\/\/eldiariodesanpedro.com.ar\/sitio\/wp-content\/uploads\/2022\/02\/WhatsApp-Image-2022-02-18-at-17.23.45-768x523.jpeg 768w\" data-sizes=\"(max-width: 925px) 100vw, 925px\" src=\"data:image\/svg+xml;base64,PHN2ZyB3aWR0aD0iMSIgaGVpZ2h0PSIxIiB4bWxucz0iaHR0cDovL3d3dy53My5vcmcvMjAwMC9zdmciPjwvc3ZnPg==\" style=\"--smush-placeholder-width: 925px; --smush-placeholder-aspect-ratio: 925\/630;\" \/><\/figure>\n\n\n\n<figure class=\"wp-block-image size-full\"><img decoding=\"async\" width=\"928\" height=\"630\" data-attachment-id=\"104284\" data-permalink=\"https:\/\/eldiariodesanpedro.com.ar\/sitio\/diego-solana-juro-como-secretario-de-seguridad\/whatsapp-image-2022-02-18-at-17-23-49\/\" data-orig-file=\"https:\/\/eldiariodesanpedro.com.ar\/sitio\/wp-content\/uploads\/2022\/02\/WhatsApp-Image-2022-02-18-at-17.23.49.jpeg\" data-orig-size=\"928,630\" data-comments-opened=\"0\" data-image-meta=\"{&quot;aperture&quot;:&quot;0&quot;,&quot;credit&quot;:&quot;&quot;,&quot;camera&quot;:&quot;&quot;,&quot;caption&quot;:&quot;&quot;,&quot;created_timestamp&quot;:&quot;0&quot;,&quot;copyright&quot;:&quot;&quot;,&quot;focal_length&quot;:&quot;0&quot;,&quot;iso&quot;:&quot;0&quot;,&quot;shutter_speed&quot;:&quot;0&quot;,&quot;title&quot;:&quot;&quot;,&quot;orientation&quot;:&quot;0&quot;}\" data-image-title=\"WhatsApp Image 2022-02-18 at 17.23.49\" data-image-description=\"\" data-image-caption=\"\" data-large-file=\"https:\/\/eldiariodesanpedro.com.ar\/sitio\/wp-content\/uploads\/2022\/02\/WhatsApp-Image-2022-02-18-at-17.23.49.jpeg\" data-src=\"https:\/\/eldiariodesanpedro.com.ar\/sitio\/wp-content\/uploads\/2022\/02\/WhatsApp-Image-2022-02-18-at-17.23.49.jpeg\" alt=\"\" class=\"wp-image-104284 lazyload\" data-srcset=\"https:\/\/eldiariodesanpedro.com.ar\/sitio\/wp-content\/uploads\/2022\/02\/WhatsApp-Image-2022-02-18-at-17.23.49.jpeg 928w, https:\/\/eldiariodesanpedro.com.ar\/sitio\/wp-content\/uploads\/2022\/02\/WhatsApp-Image-2022-02-18-at-17.23.49-300x204.jpeg 300w, https:\/\/eldiariodesanpedro.com.ar\/sitio\/wp-content\/uploads\/2022\/02\/WhatsApp-Image-2022-02-18-at-17.23.49-768x521.jpeg 768w\" data-sizes=\"(max-width: 928px) 100vw, 928px\" src=\"data:image\/svg+xml;base64,PHN2ZyB3aWR0aD0iMSIgaGVpZ2h0PSIxIiB4bWxucz0iaHR0cDovL3d3dy53My5vcmcvMjAwMC9zdmciPjwvc3ZnPg==\" style=\"--smush-placeholder-width: 928px; --smush-placeholder-aspect-ratio: 928\/630;\" \/><\/figure>\n","protected":false},"excerpt":{"rendered":"<p>Esta ma\u00f1ana el Intendente Dr. Ram\u00f3n Salazar tom\u00f3 juramento al nuevo Secretario de Seguridad Diego Solana en el despacho oficial con la participaci\u00f3n de funcionarios del gabinete, miembros del Honorable Concejo Deliberante y familiares del flamante funcionario. El intendente Salazar se mostr\u00f3 agradecido con el Dr. Solana por aceptar el cargo, ya que \u201cno era [&hellip;]<\/p>\n","protected":false},"author":4,"featured_media":104283,"comment_status":"closed","ping_status":"closed","sticky":false,"template":"","format":"standard","meta":{"om_disable_all_campaigns":false,"_jetpack_memberships_contains_paid_content":false,"footnotes":""},"categories":[50,101,2],"tags":[197,2720,696,33,19],"class_list":["post-104281","post","type-post","status-publish","format-standard","has-post-thumbnail","hentry","category-destacadas","category-interes-general-locales","category-locales","tag-buenos-aires","tag-diego-solana-juro-como-secretario-de-seguridad","tag-interes-general","tag-locales","tag-san-pedro"],"aioseo_notices":[],"gutentor_comment":0,"jetpack_featured_media_url":"https:\/\/eldiariodesanpedro.com.ar\/sitio\/wp-content\/uploads\/2022\/02\/WhatsApp-Image-2022-02-18-at-17.23.46.jpeg","jetpack_shortlink":"https:\/\/wp.me\/p6RhLt-r7X","jetpack_sharing_enabled":true,"_links":{"self":[{"href":"https:\/\/eldiariodesanpedro.com.ar\/sitio\/wp-json\/wp\/v2\/posts\/104281","targetHints":{"allow":["GET"]}}],"collection":[{"href":"https:\/\/eldiariodesanpedro.com.ar\/sitio\/wp-json\/wp\/v2\/posts"}],"about":[{"href":"https:\/\/eldiariodesanpedro.com.ar\/sitio\/wp-json\/wp\/v2\/types\/post"}],"author":[{"embeddable":true,"href":"https:\/\/eldiariodesanpedro.com.ar\/sitio\/wp-json\/wp\/v2\/users\/4"}],"replies":[{"embeddable":true,"href":"https:\/\/eldiariodesanpedro.com.ar\/sitio\/wp-json\/wp\/v2\/comments?post=104281"}],"version-history":[{"count":1,"href":"https:\/\/eldiariodesanpedro.com.ar\/sitio\/wp-json\/wp\/v2\/posts\/104281\/revisions"}],"predecessor-version":[{"id":104286,"href":"https:\/\/eldiariodesanpedro.com.ar\/sitio\/wp-json\/wp\/v2\/posts\/104281\/revisions\/104286"}],"wp:featuredmedia":[{"embeddable":true,"href":"https:\/\/eldiariodesanpedro.com.ar\/sitio\/wp-json\/wp\/v2\/media\/104283"}],"wp:attachment":[{"href":"https:\/\/eldiariodesanpedro.com.ar\/sitio\/wp-json\/wp\/v2\/media?parent=104281"}],"wp:term":[{"taxonomy":"category","embeddable":true,"href":"https:\/\/eldiariodesanpedro.com.ar\/sitio\/wp-json\/wp\/v2\/categories?post=104281"},{"taxonomy":"post_tag","embeddable":true,"href":"https:\/\/eldiariodesanpedro.com.ar\/sitio\/wp-json\/wp\/v2\/tags?post=104281"}],"curies":[{"name":"wp","href":"https:\/\/api.w.org\/{rel}","templated":true}]}}