{"id":104265,"date":"2022-02-18T14:32:48","date_gmt":"2022-02-18T17:32:48","guid":{"rendered":"https:\/\/eldiariodesanpedro.com.ar\/sitio\/?p=104265"},"modified":"2022-02-18T14:32:48","modified_gmt":"2022-02-18T17:32:48","slug":"se-intensifican-los-controles-se-secuestraron-38-motos-ayer","status":"publish","type":"post","link":"https:\/\/eldiariodesanpedro.com.ar\/sitio\/se-intensifican-los-controles-se-secuestraron-38-motos-ayer\/","title":{"rendered":"Se intensifican los controles, se secuestraron 38 motos ayer"},"content":{"rendered":"<!-- VideographyWP Plugin Message: Automatic video embedding prevented by plugin options. -->\n\n<p>Este jueves la Direcci\u00f3n de Tr\u00e1nsito a cargo de \u00c1ngel Burgos en conjunto con la polic\u00eda local en el marco de operativos est\u00e1ticos en Ruta 1001 intersecci\u00f3n Crucero Gral Belgrano; Ruta 191 intersecci\u00f3n calle Am\u00e9rica y din\u00e1micos en distintos puntos de la ciudad, se logr\u00f3 identificar una cantidad de 111 veh\u00edculos, 138 personas. Donde se procedi\u00f3 al secuestro de 38 motocicletas por falta de documentaci\u00f3n.&nbsp;<\/p>\n\n\n\n<p>se retuvieron&nbsp;38 motos con diferentes irregularidades tales como falta de documentaci\u00f3n o falta de casco reglamentario. Adem\u00e1s se se secuestr\u00f3 un autom\u00f3vil por estacionar en la ochava y dos por falta de seguro.<\/p>\n\n\n\n<p>Adem\u00e1s entre los ciclomotores se encuentran 5 con ca\u00f1os de escape deficientes que van a ser evaluados con el decibelimetro, en caso que supere los niveles permitidos quedar\u00e1 a disposici\u00f3n de la Jueza de Paz.<\/p>\n","protected":false},"excerpt":{"rendered":"<p>Este jueves la Direcci\u00f3n de Tr\u00e1nsito a cargo de \u00c1ngel Burgos en conjunto con la polic\u00eda local en el marco de operativos est\u00e1ticos en Ruta 1001 intersecci\u00f3n Crucero Gral Belgrano; Ruta 191 intersecci\u00f3n calle Am\u00e9rica y din\u00e1micos en distintos puntos de la ciudad, se logr\u00f3 identificar una cantidad de 111 veh\u00edculos, 138 personas. Donde se [&hellip;]<\/p>\n","protected":false},"author":4,"featured_media":104266,"comment_status":"closed","ping_status":"closed","sticky":false,"template":"","format":"standard","meta":{"om_disable_all_campaigns":false,"_jetpack_memberships_contains_paid_content":false,"footnotes":""},"categories":[50,101,2],"tags":[197,696,33,19],"class_list":["post-104265","post","type-post","status-publish","format-standard","has-post-thumbnail","hentry","category-destacadas","category-interes-general-locales","category-locales","tag-buenos-aires","tag-interes-general","tag-locales","tag-san-pedro"],"aioseo_notices":[],"gutentor_comment":0,"jetpack_featured_media_url":"https:\/\/eldiariodesanpedro.com.ar\/sitio\/wp-content\/uploads\/2022\/02\/WhatsApp-Image-2022-02-18-at-14.29.04.jpeg","jetpack_shortlink":"https:\/\/wp.me\/p6RhLt-r7H","jetpack_sharing_enabled":true,"_links":{"self":[{"href":"https:\/\/eldiariodesanpedro.com.ar\/sitio\/wp-json\/wp\/v2\/posts\/104265","targetHints":{"allow":["GET"]}}],"collection":[{"href":"https:\/\/eldiariodesanpedro.com.ar\/sitio\/wp-json\/wp\/v2\/posts"}],"about":[{"href":"https:\/\/eldiariodesanpedro.com.ar\/sitio\/wp-json\/wp\/v2\/types\/post"}],"author":[{"embeddable":true,"href":"https:\/\/eldiariodesanpedro.com.ar\/sitio\/wp-json\/wp\/v2\/users\/4"}],"replies":[{"embeddable":true,"href":"https:\/\/eldiariodesanpedro.com.ar\/sitio\/wp-json\/wp\/v2\/comments?post=104265"}],"version-history":[{"count":1,"href":"https:\/\/eldiariodesanpedro.com.ar\/sitio\/wp-json\/wp\/v2\/posts\/104265\/revisions"}],"predecessor-version":[{"id":104267,"href":"https:\/\/eldiariodesanpedro.com.ar\/sitio\/wp-json\/wp\/v2\/posts\/104265\/revisions\/104267"}],"wp:featuredmedia":[{"embeddable":true,"href":"https:\/\/eldiariodesanpedro.com.ar\/sitio\/wp-json\/wp\/v2\/media\/104266"}],"wp:attachment":[{"href":"https:\/\/eldiariodesanpedro.com.ar\/sitio\/wp-json\/wp\/v2\/media?parent=104265"}],"wp:term":[{"taxonomy":"category","embeddable":true,"href":"https:\/\/eldiariodesanpedro.com.ar\/sitio\/wp-json\/wp\/v2\/categories?post=104265"},{"taxonomy":"post_tag","embeddable":true,"href":"https:\/\/eldiariodesanpedro.com.ar\/sitio\/wp-json\/wp\/v2\/tags?post=104265"}],"curies":[{"name":"wp","href":"https:\/\/api.w.org\/{rel}","templated":true}]}}