{"id":104262,"date":"2022-02-18T14:23:43","date_gmt":"2022-02-18T17:23:43","guid":{"rendered":"https:\/\/eldiariodesanpedro.com.ar\/sitio\/?p=104262"},"modified":"2022-02-18T14:24:19","modified_gmt":"2022-02-18T17:24:19","slug":"compr-un-generador-electrico-y-fue-estafada","status":"publish","type":"post","link":"https:\/\/eldiariodesanpedro.com.ar\/sitio\/compr-un-generador-electrico-y-fue-estafada\/","title":{"rendered":"Compro un generador el\u00e9ctrico y fue estafada"},"content":{"rendered":"<!-- VideographyWP Plugin Message: Automatic video embedding prevented by plugin options. -->\n\n<p>Este jueves un ciudadano denunci\u00f3 en la comisar\u00eda una estafa al intentar comprar un generador el\u00e9ctrico.<\/p>\n\n\n\n<p>Ayer una ciudadana de 29 a\u00f1os se hace presente en la dependencia local para realizar una denuncia ya que el pasado mi\u00e9rcoles compr\u00f3 un generador el\u00e9ctrico a vendedores circunstanciales entregando un cheque de 60 mil pesos, pero una vez que llego a su domicilio y revis\u00f3 el aparato se dio cuenta que hab\u00eda sido estafada con respecto a las caracter\u00edsticas del mismo.<\/p>\n","protected":false},"excerpt":{"rendered":"<p>Este jueves un ciudadano denunci\u00f3 en la comisar\u00eda una estafa al intentar comprar un generador el\u00e9ctrico. Ayer una ciudadana de 29 a\u00f1os se hace presente en la dependencia local para realizar una denuncia ya que el pasado mi\u00e9rcoles compr\u00f3 un generador el\u00e9ctrico a vendedores circunstanciales entregando un cheque de 60 mil pesos, pero una vez [&hellip;]<\/p>\n","protected":false},"author":4,"featured_media":57215,"comment_status":"closed","ping_status":"closed","sticky":false,"template":"","format":"standard","meta":{"om_disable_all_campaigns":false,"_jetpack_memberships_contains_paid_content":false,"footnotes":""},"categories":[2,103],"tags":[197,33,95,19],"class_list":["post-104262","post","type-post","status-publish","format-standard","has-post-thumbnail","hentry","category-locales","category-policiales-locales","tag-buenos-aires","tag-locales","tag-policiales","tag-san-pedro"],"aioseo_notices":[],"gutentor_comment":0,"jetpack_featured_media_url":"https:\/\/eldiariodesanpedro.com.ar\/sitio\/wp-content\/uploads\/2019\/07\/comisaria_1.jpg","jetpack_shortlink":"https:\/\/wp.me\/p6RhLt-r7E","jetpack_sharing_enabled":true,"_links":{"self":[{"href":"https:\/\/eldiariodesanpedro.com.ar\/sitio\/wp-json\/wp\/v2\/posts\/104262","targetHints":{"allow":["GET"]}}],"collection":[{"href":"https:\/\/eldiariodesanpedro.com.ar\/sitio\/wp-json\/wp\/v2\/posts"}],"about":[{"href":"https:\/\/eldiariodesanpedro.com.ar\/sitio\/wp-json\/wp\/v2\/types\/post"}],"author":[{"embeddable":true,"href":"https:\/\/eldiariodesanpedro.com.ar\/sitio\/wp-json\/wp\/v2\/users\/4"}],"replies":[{"embeddable":true,"href":"https:\/\/eldiariodesanpedro.com.ar\/sitio\/wp-json\/wp\/v2\/comments?post=104262"}],"version-history":[{"count":2,"href":"https:\/\/eldiariodesanpedro.com.ar\/sitio\/wp-json\/wp\/v2\/posts\/104262\/revisions"}],"predecessor-version":[{"id":104264,"href":"https:\/\/eldiariodesanpedro.com.ar\/sitio\/wp-json\/wp\/v2\/posts\/104262\/revisions\/104264"}],"wp:featuredmedia":[{"embeddable":true,"href":"https:\/\/eldiariodesanpedro.com.ar\/sitio\/wp-json\/wp\/v2\/media\/57215"}],"wp:attachment":[{"href":"https:\/\/eldiariodesanpedro.com.ar\/sitio\/wp-json\/wp\/v2\/media?parent=104262"}],"wp:term":[{"taxonomy":"category","embeddable":true,"href":"https:\/\/eldiariodesanpedro.com.ar\/sitio\/wp-json\/wp\/v2\/categories?post=104262"},{"taxonomy":"post_tag","embeddable":true,"href":"https:\/\/eldiariodesanpedro.com.ar\/sitio\/wp-json\/wp\/v2\/tags?post=104262"}],"curies":[{"name":"wp","href":"https:\/\/api.w.org\/{rel}","templated":true}]}}