{"id":104260,"date":"2022-02-18T14:17:04","date_gmt":"2022-02-18T17:17:04","guid":{"rendered":"https:\/\/eldiariodesanpedro.com.ar\/sitio\/?p=104260"},"modified":"2022-02-18T14:17:04","modified_gmt":"2022-02-18T17:17:04","slug":"una-joven-en-motocicleta-se-choco-una-camioneta-estacionada","status":"publish","type":"post","link":"https:\/\/eldiariodesanpedro.com.ar\/sitio\/una-joven-en-motocicleta-se-choco-una-camioneta-estacionada\/","title":{"rendered":"Una joven en\u00a0 motocicleta se choc\u00f3 una camioneta estacionada"},"content":{"rendered":"<!-- VideographyWP Plugin Message: Automatic video embedding prevented by plugin options. -->\n\n<p>Este jueves en horas de la tarde pasadas las 10 hs el personal policial acude a Av. 3 de Febrero al 2300, donde por razones que se tratan de establecer colision\u00f3 una motocicleta conducida por una joven de 24 a\u00f1os contra una camioneta estacionada en la v\u00eda p\u00fablica.&nbsp;<\/p>\n\n\n\n<p>Como resultado del impacto, la femenina fue trasladada por ambulancia del SAME, donde tras los controles m\u00e9dicos se dict\u00f3 que presentaba&nbsp; lesiones leves salvo complicaciones, permaneciendo en observaci\u00f3n.<\/p>\n","protected":false},"excerpt":{"rendered":"<p>Este jueves en horas de la tarde pasadas las 10 hs el personal policial acude a Av. 3 de Febrero al 2300, donde por razones que se tratan de establecer colision\u00f3 una motocicleta conducida por una joven de 24 a\u00f1os contra una camioneta estacionada en la v\u00eda p\u00fablica.&nbsp; Como resultado del impacto, la femenina fue [&hellip;]<\/p>\n","protected":false},"author":4,"featured_media":26177,"comment_status":"closed","ping_status":"closed","sticky":false,"template":"","format":"standard","meta":{"om_disable_all_campaigns":false,"_jetpack_memberships_contains_paid_content":false,"footnotes":""},"categories":[2,103],"tags":[197,33,95,19],"class_list":["post-104260","post","type-post","status-publish","format-standard","has-post-thumbnail","hentry","category-locales","category-policiales-locales","tag-buenos-aires","tag-locales","tag-policiales","tag-san-pedro"],"aioseo_notices":[],"gutentor_comment":0,"jetpack_featured_media_url":"https:\/\/eldiariodesanpedro.com.ar\/sitio\/wp-content\/uploads\/2017\/11\/0000000000000000000_1.jpg","jetpack_shortlink":"https:\/\/wp.me\/p6RhLt-r7C","jetpack_sharing_enabled":true,"_links":{"self":[{"href":"https:\/\/eldiariodesanpedro.com.ar\/sitio\/wp-json\/wp\/v2\/posts\/104260","targetHints":{"allow":["GET"]}}],"collection":[{"href":"https:\/\/eldiariodesanpedro.com.ar\/sitio\/wp-json\/wp\/v2\/posts"}],"about":[{"href":"https:\/\/eldiariodesanpedro.com.ar\/sitio\/wp-json\/wp\/v2\/types\/post"}],"author":[{"embeddable":true,"href":"https:\/\/eldiariodesanpedro.com.ar\/sitio\/wp-json\/wp\/v2\/users\/4"}],"replies":[{"embeddable":true,"href":"https:\/\/eldiariodesanpedro.com.ar\/sitio\/wp-json\/wp\/v2\/comments?post=104260"}],"version-history":[{"count":1,"href":"https:\/\/eldiariodesanpedro.com.ar\/sitio\/wp-json\/wp\/v2\/posts\/104260\/revisions"}],"predecessor-version":[{"id":104261,"href":"https:\/\/eldiariodesanpedro.com.ar\/sitio\/wp-json\/wp\/v2\/posts\/104260\/revisions\/104261"}],"wp:featuredmedia":[{"embeddable":true,"href":"https:\/\/eldiariodesanpedro.com.ar\/sitio\/wp-json\/wp\/v2\/media\/26177"}],"wp:attachment":[{"href":"https:\/\/eldiariodesanpedro.com.ar\/sitio\/wp-json\/wp\/v2\/media?parent=104260"}],"wp:term":[{"taxonomy":"category","embeddable":true,"href":"https:\/\/eldiariodesanpedro.com.ar\/sitio\/wp-json\/wp\/v2\/categories?post=104260"},{"taxonomy":"post_tag","embeddable":true,"href":"https:\/\/eldiariodesanpedro.com.ar\/sitio\/wp-json\/wp\/v2\/tags?post=104260"}],"curies":[{"name":"wp","href":"https:\/\/api.w.org\/{rel}","templated":true}]}}