{"id":104255,"date":"2022-02-18T09:01:29","date_gmt":"2022-02-18T12:01:29","guid":{"rendered":"https:\/\/eldiariodesanpedro.com.ar\/sitio\/?p=104255"},"modified":"2022-02-18T09:01:30","modified_gmt":"2022-02-18T12:01:30","slug":"esta-madrugada-le-robaron-hoy-lo-reconocio-en-la-calle-al-ladron-y-le-propino-una-golpiza","status":"publish","type":"post","link":"https:\/\/eldiariodesanpedro.com.ar\/sitio\/esta-madrugada-le-robaron-hoy-lo-reconocio-en-la-calle-al-ladron-y-le-propino-una-golpiza\/","title":{"rendered":"Esta madrugada le robaron, hoy lo reconoci\u00f3 en la calle al ladr\u00f3n y le propin\u00f3 una golpiza"},"content":{"rendered":"<!-- VideographyWP Plugin Message: Automatic video embedding prevented by plugin options. -->\n\n<p>En la ma\u00f1ana de este viernes ocurri\u00f3 que sujeto al que le entraron a robar a su casa durante esta madrugada vio pasar al delincuente caminando por frente de su casa reconoci\u00e9ndose por sus zapatillas robadas, por lo que decidi\u00f3 actuar y hacer justicia propia golpe\u00e1ndolo y reduci\u00e9ndolo hasta que llegue la polic\u00eda.<\/p>\n\n\n\n<p>Todo dio comienzo durante la madrugada de este viernes cuando un delincuente ingres\u00f3 en una vivienda ubicada en calle Ruiz Moreno al 900&nbsp; llev\u00e1ndose una computadora, un par de zapatillas, dinero en efectivo entre otras cosas.<\/p>\n\n\n\n<p>En la ma\u00f1ana pasadas las 08 hs la v\u00edctima del robo ve pasar a un hombre por frente a su casa usando las mismas zapatillas robadas, por lo que decidi\u00f3 hacer justicia por cuenta propia y golpearlo dej\u00e1ndolo con lesiones en su cuerpo ya que se tuvo que hacer presente la ambulancia del SAME.<\/p>\n\n\n\n<p>La v\u00edctima realiz\u00f3 la denuncia en la comisar\u00eda local y el delincuente fue trasladado al nosocomio local con escolta policial por las heridas sufridas tras la golpiza recibida.<\/p>\n","protected":false},"excerpt":{"rendered":"<p>En la ma\u00f1ana de este viernes ocurri\u00f3 que sujeto al que le entraron a robar a su casa durante esta madrugada vio pasar al delincuente caminando por frente de su casa reconoci\u00e9ndose por sus zapatillas robadas, por lo que decidi\u00f3 actuar y hacer justicia propia golpe\u00e1ndolo y reduci\u00e9ndolo hasta que llegue la polic\u00eda. Todo dio [&hellip;]<\/p>\n","protected":false},"author":4,"featured_media":104256,"comment_status":"closed","ping_status":"closed","sticky":false,"template":"","format":"standard","meta":{"om_disable_all_campaigns":false,"_jetpack_memberships_contains_paid_content":false,"footnotes":""},"categories":[50,2,103],"tags":[],"class_list":["post-104255","post","type-post","status-publish","format-standard","has-post-thumbnail","hentry","category-destacadas","category-locales","category-policiales-locales"],"aioseo_notices":[],"gutentor_comment":0,"jetpack_featured_media_url":"https:\/\/eldiariodesanpedro.com.ar\/sitio\/wp-content\/uploads\/2022\/02\/medida-11.jpg","jetpack_shortlink":"https:\/\/wp.me\/p6RhLt-r7x","jetpack_sharing_enabled":true,"_links":{"self":[{"href":"https:\/\/eldiariodesanpedro.com.ar\/sitio\/wp-json\/wp\/v2\/posts\/104255","targetHints":{"allow":["GET"]}}],"collection":[{"href":"https:\/\/eldiariodesanpedro.com.ar\/sitio\/wp-json\/wp\/v2\/posts"}],"about":[{"href":"https:\/\/eldiariodesanpedro.com.ar\/sitio\/wp-json\/wp\/v2\/types\/post"}],"author":[{"embeddable":true,"href":"https:\/\/eldiariodesanpedro.com.ar\/sitio\/wp-json\/wp\/v2\/users\/4"}],"replies":[{"embeddable":true,"href":"https:\/\/eldiariodesanpedro.com.ar\/sitio\/wp-json\/wp\/v2\/comments?post=104255"}],"version-history":[{"count":1,"href":"https:\/\/eldiariodesanpedro.com.ar\/sitio\/wp-json\/wp\/v2\/posts\/104255\/revisions"}],"predecessor-version":[{"id":104257,"href":"https:\/\/eldiariodesanpedro.com.ar\/sitio\/wp-json\/wp\/v2\/posts\/104255\/revisions\/104257"}],"wp:featuredmedia":[{"embeddable":true,"href":"https:\/\/eldiariodesanpedro.com.ar\/sitio\/wp-json\/wp\/v2\/media\/104256"}],"wp:attachment":[{"href":"https:\/\/eldiariodesanpedro.com.ar\/sitio\/wp-json\/wp\/v2\/media?parent=104255"}],"wp:term":[{"taxonomy":"category","embeddable":true,"href":"https:\/\/eldiariodesanpedro.com.ar\/sitio\/wp-json\/wp\/v2\/categories?post=104255"},{"taxonomy":"post_tag","embeddable":true,"href":"https:\/\/eldiariodesanpedro.com.ar\/sitio\/wp-json\/wp\/v2\/tags?post=104255"}],"curies":[{"name":"wp","href":"https:\/\/api.w.org\/{rel}","templated":true}]}}